{"id":17910,"date":"2015-03-06T10:40:26","date_gmt":"2015-03-06T13:40:26","guid":{"rendered":"https:\/\/www.senna.com:8888\/manual-do-carro\/kartodromo-ayrton-senna-e-reinaugurado-em-interlagos\/"},"modified":"2015-03-06T10:40:26","modified_gmt":"2015-03-06T13:40:26","slug":"kartodromo-ayrton-senna-e-reinaugurado-em-interlagos","status":"publish","type":"post","link":"https:\/\/www.senna.com\/en\/kartodromo-ayrton-senna-e-reinaugurado-em-interlagos\/","title":{"rendered":"Kart\u00f3dromo Ayrton Senna reopens at Interlagos"},"content":{"rendered":"<p><\/p>\n<p dir=\"ltr\">The most notorious stage of Brazilian go-kart racing, and one of the most important in the world, will be reopened this weekend: the Kart\u00f3dromo Ayrton Senna, at Interlagos. The track, where the three-time F1 champion built the foundations of his career, will host the second race of the Shell SKB Paulista Kart Championship.<\/p>\n<p dir=\"ltr\">Almost ten years after its last official competition,\u00a0the track in S\u00e3o Paulo has a new asphalt cover that uses the same technology\u00a0implemented in its neighboring track, the F1 circuit, which should make things\u00a0even more thrilling for more than 100 drivers who will compete this week. Originally\u00a0opened in 1970, the track\u2019s last asphalt renovation had happened in 1990.<\/p>\n<p dir=\"ltr\">\u201cMany drivers consider this one of the best go-kart tracks in the world, with a varied layout, full of challenging corners, which helps forging great drivers. The new asphalt was an welcome gift to competitors\u201d, says Ruben Carrapatoso, a former go-kart world champion and one of the men behind the Shell SKB Paulista, a championship that will feature six races in 2015.<\/p>\n<p dir=\"ltr\">The official\u00a0schedule started during the week, when the first free-training sessions were\u00a0held. \u00a0On Saturday and Sunday mornings,\u00a0drivers will take part in time-trials and, as soon as all of the categories\u00a0training sessions are over, two heats for each grid will take place.<\/p>\n<p dir=\"ltr\">Cadete, the category in which the youngest drivers compete, will be the first on the track, at 8 AM. At 8:15 AM it\u2019s Jr. Menor\u2019s turn, followed by Graduados at 8:30 AM. J\u00fanior, Sprinter and Shifter follow. S\u00eanior and Super S\u00eanior set out together to close out the time trials, around 9h30.<\/p>\n<p dir=\"ltr\">The\u00a0first heats will take place starting 10:00 AM, again with Cadete starting the\u00a0proceedings. After Caete is finished, the races follow the same order as the\u00a0practice sessions, only with J\u00fanior and Graduados switching places.<\/p>\n<p dir=\"ltr\">\n<p><\/p>","protected":false},"excerpt":{"rendered":"<p>The most notorious stage of Brazilian go-kart racing, and one of the most important in the world, will be reopened this weekend: the Kart\u00f3dromo Ayrton Senna, at Interlagos. The track, where the three-time F1 champion built the foundations of his career, will host the second race of the Shell SKB Paulista Kart Championship. Almost ten [&hellip;]<\/p>","protected":false},"author":1,"featured_media":19049,"comment_status":"open","ping_status":"open","sticky":false,"template":"","format":"standard","meta":{"footnotes":""},"categories":[38,17],"tags":[],"class_list":["post-17910","post","type-post","status-publish","format-standard","has-post-thumbnail","hentry","category-experiencias-para-fas","category-novidades"],"_links":{"self":[{"href":"https:\/\/www.senna.com\/en\/wp-json\/wp\/v2\/posts\/17910","targetHints":{"allow":["GET"]}}],"collection":[{"href":"https:\/\/www.senna.com\/en\/wp-json\/wp\/v2\/posts"}],"about":[{"href":"https:\/\/www.senna.com\/en\/wp-json\/wp\/v2\/types\/post"}],"author":[{"embeddable":true,"href":"https:\/\/www.senna.com\/en\/wp-json\/wp\/v2\/users\/1"}],"replies":[{"embeddable":true,"href":"https:\/\/www.senna.com\/en\/wp-json\/wp\/v2\/comments?post=17910"}],"version-history":[{"count":0,"href":"https:\/\/www.senna.com\/en\/wp-json\/wp\/v2\/posts\/17910\/revisions"}],"wp:featuredmedia":[{"embeddable":true,"href":"https:\/\/www.senna.com\/en\/wp-json\/wp\/v2\/media\/19049"}],"wp:attachment":[{"href":"https:\/\/www.senna.com\/en\/wp-json\/wp\/v2\/media?parent=17910"}],"wp:term":[{"taxonomy":"category","embeddable":true,"href":"https:\/\/www.senna.com\/en\/wp-json\/wp\/v2\/categories?post=17910"},{"taxonomy":"post_tag","embeddable":true,"href":"https:\/\/www.senna.com\/en\/wp-json\/wp\/v2\/tags?post=17910"}],"curies":[{"name":"wp","href":"https:\/\/api.w.org\/{rel}","templated":true}]}}