{"id":18241,"date":"2016-07-15T18:10:32","date_gmt":"2016-07-15T21:10:32","guid":{"rendered":"https:\/\/www.senna.com:8888\/manual-do-carro\/sergio-sette-camara-que-homenageia-ayrton-senna-na-f-3-europeia-faz-seu-primeiro-teste-na-f-1\/"},"modified":"2016-07-15T18:10:32","modified_gmt":"2016-07-15T21:10:32","slug":"sergio-sette-camara-que-homenageia-ayrton-senna-na-f-3-europeia-faz-seu-primeiro-teste-na-f-1","status":"publish","type":"post","link":"https:\/\/www.senna.com\/en\/sergio-sette-camara-que-homenageia-ayrton-senna-na-f-3-europeia-faz-seu-primeiro-teste-na-f-1\/","title":{"rendered":"(Portugu\u00eas) S\u00e9rgio Sette C\u00e2mara, que homenageia Ayrton Senna na F-3 Europeia, faz seu primeiro teste na F-1"},"content":{"rendered":"<p class=\"qtranxs-available-languages-message qtranxs-available-languages-message-en\">Sorry, this entry is only available in <a href=\"https:\/\/www.senna.com\/pt\/wp-json\/wp\/v2\/posts\/18241\" class=\"qtranxs-available-language-link qtranxs-available-language-link-pt\" title=\"Portugu\u00eas\">Portugu\u00eas<\/a>.<\/p>","protected":false},"excerpt":{"rendered":"<p>Sorry, this entry is only available in Portugu\u00eas.<\/p>","protected":false},"author":1,"featured_media":18737,"comment_status":"open","ping_status":"open","sticky":false,"template":"","format":"standard","meta":{"footnotes":""},"categories":[38,17],"tags":[],"class_list":["post-18241","post","type-post","status-publish","format-standard","has-post-thumbnail","hentry","category-experiencias-para-fas","category-novidades"],"_links":{"self":[{"href":"https:\/\/www.senna.com\/en\/wp-json\/wp\/v2\/posts\/18241","targetHints":{"allow":["GET"]}}],"collection":[{"href":"https:\/\/www.senna.com\/en\/wp-json\/wp\/v2\/posts"}],"about":[{"href":"https:\/\/www.senna.com\/en\/wp-json\/wp\/v2\/types\/post"}],"author":[{"embeddable":true,"href":"https:\/\/www.senna.com\/en\/wp-json\/wp\/v2\/users\/1"}],"replies":[{"embeddable":true,"href":"https:\/\/www.senna.com\/en\/wp-json\/wp\/v2\/comments?post=18241"}],"version-history":[{"count":0,"href":"https:\/\/www.senna.com\/en\/wp-json\/wp\/v2\/posts\/18241\/revisions"}],"wp:featuredmedia":[{"embeddable":true,"href":"https:\/\/www.senna.com\/en\/wp-json\/wp\/v2\/media\/18737"}],"wp:attachment":[{"href":"https:\/\/www.senna.com\/en\/wp-json\/wp\/v2\/media?parent=18241"}],"wp:term":[{"taxonomy":"category","embeddable":true,"href":"https:\/\/www.senna.com\/en\/wp-json\/wp\/v2\/categories?post=18241"},{"taxonomy":"post_tag","embeddable":true,"href":"https:\/\/www.senna.com\/en\/wp-json\/wp\/v2\/tags?post=18241"}],"curies":[{"name":"wp","href":"https:\/\/api.w.org\/{rel}","templated":true}]}}