{"id":22162,"date":"2019-02-18T13:15:25","date_gmt":"2019-02-18T16:15:25","guid":{"rendered":"https:\/\/www.senna.com\/?p=22162"},"modified":"2019-02-18T13:15:25","modified_gmt":"2019-02-18T16:15:25","slug":"f1-test-drivers-pietro-fittipaldi-and-sergio-sette-camara-talk-about-their-admiration-for-ayrton-senna","status":"publish","type":"post","link":"https:\/\/www.senna.com\/en\/f1-test-drivers-pietro-fittipaldi-and-sergio-sette-camara-talk-about-their-admiration-for-ayrton-senna\/","title":{"rendered":"F1 test drivers, Pietro Fittipaldi and S\u00e9rgio Sette C\u00e2mara talk about their admiration for Ayrton Senna"},"content":{"rendered":"<p><\/p>\n<p class=\"x_MsoNormal\"><span lang=\"EN-US\">Formula One officially returns this weekend with the pre-season tests in Bracelona. Once again, the main category in worldwide motor sports will not feature a Brazilian driver on the starting grid, but two young men seem to have bright futures ahead of them: S\u00e9rgio Sette C\u00e2mara and Pietro Fittipaldi.<\/span><\/p>\n<p class=\"x_MsoNormal\"><span lang=\"EN-US\">In 2019, Sette C\u00e2mara will keep racing in Formula 2, but he was hired to be a part of the development division at McLaren, the team with which Senna became a three-time champion (1988, 1990, 1991). The driver was interviewed on Senna TV soon after being announced as a test driver by the British team.<\/span><\/p>\n<p class=\"x_MsoNormal\"><span lang=\"EN-US\">\u00a0<\/span><span lang=\"EN-US\">\u201cAyrton is my greatest idol. He brought a lot of things to the sport, he was a pioneer. He showed that it\u2019s not enough for a driver to just sit down and drive \u2013 he has to be an athlete, he has to know how to speak. Besides, he was a great driver, maybe the best ever. A really special talent. He embodied determination, dedication, not being afraid of innovating. So, I hope to do something similar. Not that I want to be compared to him, but I do want to think outside the box, to be different\u201d, said Sette C\u00e2mara on Senna TV.<\/span><\/p>\n<p class=\"x_MsoNormal\"><span lang=\"EN-US\">The McLaren driver has also remarked on Senna\u2019s patriotism, who used to wave the Brazilian flag after his wins. \u201cThat\u2019s something Ayrton is remembered for, and I really admire him for it \u2013 the fact that he waved the flag, wanting to represent Brazil and show the word he was Brazilian. If I had the chance to do that, I would. Ayrton gave this message to young drivers and I, for one, understood it\u201d, concluded C\u00e2mara.<\/span><\/p>\n<p><iframe loading=\"lazy\" title=\"Entrevista com S\u00e9rgio Sette C\u00e2mara | No Paddock #7\" width=\"800\" height=\"450\" src=\"https:\/\/www.youtube.com\/embed\/tFZC5XdbTk0?feature=oembed\" frameborder=\"0\" allow=\"accelerometer; autoplay; clipboard-write; encrypted-media; gyroscope; picture-in-picture; web-share\" referrerpolicy=\"strict-origin-when-cross-origin\" allowfullscreen><\/iframe><\/p>\n<p class=\"x_MsoNormal\"><span lang=\"EN-US\">Emerson Fittipaldi\u2019s grandson, Pietro, is the new Haas test driver for the 2019 season, and he will be doing several tests in simulators throughout the year, besides attending some free practice sessions. The driver also revealed a deep admiration for Senna, especially thanks to the stories told by his grandfather.<\/span><\/p>\n<p class=\"x_MsoNormal\"><span lang=\"EN-US\">\u201cI grew up listening to my grandpa\u2019s stories about Ayrton, and both of them were my idols. I\u2019ve raced in several categories in motor sports, but my dream was always to get to F1, and Senna was one of my greatest inspirations\u201d, reveals Pietro, who won the 2017 World Series.<\/span><\/p>\n<p class=\"x_MsoNormal\"><span lang=\"EN-US\">The Haas driver also mentioned the most famous story involving Emerson and Ayrton. In December 1992, Fittipaldi invited Senna to test a race car from Penske, one of the main Indycar teams.<\/span><\/p>\n<p class=\"x_MsoNormal\"><span lang=\"EN-US\">\u201cThey were great friends. My grandfather is always talking about the time he invited Ayrton to test his Indycar. My grandfather took a few laps to check if the car was okay. As soon as Ayrton got into the car and took a few laps, he started going really fast and posting great times. He was amazing, and that left a mark on my grandfather\u201d, says Pietro, who is part of the Haas roster alongside Romain Grosjean e Kevin Magnussen.<\/span><\/p>\n<p>https:\/\/www.youtube.com\/watch?v=Hz0eXSY1KCY<\/p>","protected":false},"excerpt":{"rendered":"<p>Formula One officially returns this weekend with the pre-season tests in Bracelona. Once again, the main category in worldwide motor sports will not feature a Brazilian driver on the starting grid, but two young men seem to have bright futures ahead of them: S\u00e9rgio Sette C\u00e2mara and Pietro Fittipaldi. In 2019, Sette C\u00e2mara will keep [&hellip;]<\/p>","protected":false},"author":1,"featured_media":22160,"comment_status":"closed","ping_status":"closed","sticky":false,"template":"","format":"standard","meta":{"footnotes":""},"categories":[10,17,11],"tags":[],"class_list":["post-22162","post","type-post","status-publish","format-standard","has-post-thumbnail","hentry","category-noticias","category-novidades","category-senna-na-midia"],"_links":{"self":[{"href":"https:\/\/www.senna.com\/en\/wp-json\/wp\/v2\/posts\/22162","targetHints":{"allow":["GET"]}}],"collection":[{"href":"https:\/\/www.senna.com\/en\/wp-json\/wp\/v2\/posts"}],"about":[{"href":"https:\/\/www.senna.com\/en\/wp-json\/wp\/v2\/types\/post"}],"author":[{"embeddable":true,"href":"https:\/\/www.senna.com\/en\/wp-json\/wp\/v2\/users\/1"}],"replies":[{"embeddable":true,"href":"https:\/\/www.senna.com\/en\/wp-json\/wp\/v2\/comments?post=22162"}],"version-history":[{"count":0,"href":"https:\/\/www.senna.com\/en\/wp-json\/wp\/v2\/posts\/22162\/revisions"}],"wp:featuredmedia":[{"embeddable":true,"href":"https:\/\/www.senna.com\/en\/wp-json\/wp\/v2\/media\/22160"}],"wp:attachment":[{"href":"https:\/\/www.senna.com\/en\/wp-json\/wp\/v2\/media?parent=22162"}],"wp:term":[{"taxonomy":"category","embeddable":true,"href":"https:\/\/www.senna.com\/en\/wp-json\/wp\/v2\/categories?post=22162"},{"taxonomy":"post_tag","embeddable":true,"href":"https:\/\/www.senna.com\/en\/wp-json\/wp\/v2\/tags?post=22162"}],"curies":[{"name":"wp","href":"https:\/\/api.w.org\/{rel}","templated":true}]}}