{"id":22324,"date":"2019-03-28T18:28:44","date_gmt":"2019-03-28T21:28:44","guid":{"rendered":"https:\/\/www.senna.com\/?p=22324"},"modified":"2019-03-28T18:28:44","modified_gmt":"2019-03-28T21:28:44","slug":"sennaday-tributo25anos","status":"publish","type":"post","link":"https:\/\/www.senna.com\/en\/sennaday-tributo25anos\/","title":{"rendered":"Senna Day: the largest tribute to Ayrton Senna on May 1st takes place at the Interlagos Raceway"},"content":{"rendered":"<p><\/p>\n<div dir=\"ltr\">\n<div>\n<p class=\"x_MsoNormal\"><span lang=\"EN-US\">With several attractions and homages to Ayrton Senna, the Senna Day Festival, which honors the greatest Brazilian idol, takes place on May 1<sup>st<\/sup>\u00a0at the Interlagos Raceway; Senna Day will be a sports, music and speed festival, providing a day of unforgettable experiences to the whole family.<\/span><\/p>\n<p class=\"x_MsoNormal\"><span lang=\"EN-US\">In celebration of the 25<sup>th<\/sup>\u00a0anniversary of the legacy left by F1 driver Ayrton Senna, the Ayrton Senna Institute presents the Senna Day Festival. The event, which takes place on May 1<sup>st<\/sup>, will rock the Interlagos Raceway, in S\u00e3o Paulo, Brazil, with musical attractions, motor racing, and sports, besides fantastic experiences for the whole family.<\/span><\/p>\n<p class=\"x_MsoNormal\"><span lang=\"EN-US\">Senna Day will start early, at 8 AM, with several physical activities involving running and walking. The event will also feature musical attractions, DJs and an exhibit with personal items from Ayrton Senna\u2019s career, like racing suits, trophies and helmets. Go-kart races with invited drivers and celebrities will also take place at the karting track, besides a special schedule aimed at children, including a short race on foot. A food court will also be available throughout the event at Interlagos.<\/span><\/p>\n<p class=\"x_MsoNormal\"><a href=\"http:\/\/premier.ticketsforfun.com.br\/shows\/show.aspx?sh=SENNADUB19\"><span lang=\"EN-US\">Click here to buy tickets<\/span><\/a><\/p>\n<p class=\"x_MsoNormal\"><span lang=\"EN-US\">One of the main attractions on Senna Day will be the McLaren Senna. The car will take exhibition laps on the track with two great Brazilian drivers at the wheel: S\u00e9rgio Sette C\u00e2mara and Cac\u00e1 Bueno. The McLaren Senna is the first car under the SENNA brand \u2013 a street car with racing DNA. The connection between Senna and McLaren runs deep: Ayrton won three F1 world title for the team (1988, 1990 and 1991).<\/span><\/p>\n<p class=\"x_MsoNormal\"><span lang=\"EN-US\">The event on May 1<sup>st<\/sup>\u00a0also marks the opening of the first Open-Air Museum about Senna\u2019s career in Formula One, which will feature 11 steel statues designed by artist Rafael Sanches. They were sculpted in 2016, in celebration of the 25th anniversary of Senna\u2019s third world title, and installed in several places in S\u00e3o Paulo. Three years later, the statues will be displayed together for the first time at the Interlagos Raceway, where they will be staying permanently.<\/span><\/p>\n<p class=\"x_MsoNormal\"><span lang=\"EN-US\"><a href=\"https:\/\/youtu.be\/vUIbDEvvJ0Y\">Watch the official Senna Day video<\/a>.<\/span><\/p>\n<p class=\"x_MsoNormal\"><span lang=\"EN-US\"><a href=\"https:\/\/www.senna.com\/sennaday\/\">Check out the official Senna Day website<\/a>.<\/span><\/p>\n<p class=\"x_MsoNormal\"><span lang=\"EN-US\">Learn more about the experiences that will be available on Senna Day:<\/span><\/p>\n<p class=\"x_MsoNormal\"><strong><span lang=\"EN-US\">Exhibit<\/span><\/strong><\/p>\n<p class=\"x_MsoNormal\"><span lang=\"EN-US\">The career, the highlights and some items that belonged to Ayrton Senna will be on display at an exhibit conceived with input from the idol\u2019s largest Brazilian fan-clubs.<\/span><\/p>\n<p class=\"x_MsoNormal\"><strong>Flying Lap \u2013 McLaren Senna<\/strong><\/p>\n<p class=\"x_MsoNormal\"><span lang=\"EN-US\">Check out all the power of the McLaren Senna up close! Drivers S\u00e9rgio Sette C\u00e2mara and Cac\u00e1 Bueno will take a lap at the circuit that left a mark on Ayrton Senna\u2019s career.<\/span><\/p>\n<p class=\"x_MsoNormal\"><strong><span lang=\"EN-US\">Go-Kart Heats<\/span><\/strong><\/p>\n<p class=\"x_MsoNormal\"><span lang=\"EN-US\">A special heat with a mix of celebrities and professional drivers in a tribute to Ayrton Senna on the go-kart track named after him.<\/span><\/p>\n<p class=\"x_MsoNormal\"><strong><span lang=\"EN-US\">5k and 10k Runs + 5k walk<\/span><\/strong><\/p>\n<p class=\"x_MsoNormal\"><span lang=\"EN-US\">At the track where Ayrton Senna made history with unforgettable wins in 1991 and 1993, professionals and amateurs will have the chance to walk 5k or run 5 or 10k, on a new and improved course, starting at the \u201cLittle Orange\u201d corner and finishing at the famous \u201cSenna S\u201d.<\/span><\/p>\n<p class=\"x_MsoNormal\"><strong><span lang=\"EN-US\">Senninha Racing Day<\/span><\/strong><\/p>\n<p class=\"x_MsoNormal\"><span lang=\"EN-US\">The event will feature the Senninha Racing Day, aimed at children, where kids from 3 to 10 will take part in 30, 50 and 100-meter races. The initiative underlines the importance of sports during the childhood, and has the goal of fostering interaction within the family in a series of fun activities at the Senninha Area. Besides, the little ones will also be able to enjoy the festival\u2019s musical attractions.<\/span><\/p>\n<p class=\"x_MsoNormal\"><strong><span lang=\"EN-US\">Senninha Area<\/span><\/strong><\/p>\n<p class=\"x_MsoNormal\"><span lang=\"EN-US\">There will be activities aimed at children throughout the day, with episodes of \u201cSenninha on the Crazy Track\u201d \u2013 which is broadcast by the Globosat channels for kids (Gloob and Globinho) \u2013 being shown at the little movie theater, and play-time supervised by monitors.<\/span><\/p>\n<p class=\"x_MsoNormal\"><span lang=\"EN-US\">The festival will also feature Pedro Miranda, who recently went viral as one of the contestants on The Voice Kids, and clown Casuo, known for delighting crowds in several countries and bringing magic and fantasy to children everywhere.<\/span><\/p>\n<p class=\"x_MsoNormal\"><strong><span lang=\"EN-US\">Musical Attractions<\/span><\/strong><\/p>\n<p class=\"x_MsoNormal\"><span lang=\"EN-US\">One of the main attractions is Baile do Bem, a celebration of Jorge Ben Jor and Tim Maia that presents a fusion of samba-rock and soul music. Artists such as Di Ferrero, Negra Li, Sandra de S\u00e1 and Milton Guedes will perform and make the crowd move with their hits.<\/span><\/p>\n<p class=\"x_MsoNormal\"><span lang=\"EN-US\">One of the most anticipated attractions for fans of \u201csertanejo\u201d (Brazilian country music) is singer L\u00e9o Chaves. For those who favor dance music, Pe Lu and Brian Cohen will play a DJ set. The duo\u2019s music is influenced by several different sources, transmitting energy and connecting the audience to memorable moments.<\/span><\/p>\n<p class=\"x_MsoNormal\"><span lang=\"EN-US\">Another highlight of the festival is lyrical singer Carmen Monarcha, who\u2019s been representing Brazil in foreign stages for 15 years, touring with Andre Rieu and his Orchesta and singing at the biggest Brazilian and Latin-American music festivals. Carmen will take to the stage alongside Claus and Vanessa, an up-and-coming Brazilian duo who won the 2018 Focus Brasil Award for Best Band in Orlando, Florida.<\/span><\/p>\n<p class=\"x_MsoNormal\"><span lang=\"EN-US\">Senna Day will also be hosted by Xuxa Meneghel.<\/span><\/p>\n<p class=\"x_MsoNormal\"><strong>Food and Services<\/strong><\/p>\n<p class=\"x_MsoNormal\"><span lang=\"EN-US\">There will be a food court open to everyone with sandwiches, drinks, desserts and other treats.<\/span><\/p>\n<p class=\"x_MsoNormal\"><strong><span lang=\"EN-US\">TICKETS<\/span><\/strong><\/p>\n<p class=\"x_MsoNormal\"><span lang=\"EN-US\">(The income will go to the Ayton Senna Institute\u2019s social works)<\/span><\/p>\n<p class=\"x_MsoNormal\"><span lang=\"EN-US\">Ticket Arena Senna Day Festival<\/span><\/p>\n<p class=\"x_MsoNormal\"><span lang=\"EN-US\">R$ 45,00 (Arena: musical attractions, Ayrton Senna exhibit, attendance to the McLaren Senna flying lap and go-kart heats and access to the Senninha Area)\u00a0\u00a0\u00a0\u00a0\u00a0\u00a0\u00a0\u00a0\u00a0\u00a0\u00a0<\/span><\/p>\n<p class=\"x_MsoNormal\">Ticket Run or Walk<\/p>\n<p class=\"x_MsoNormal\"><span lang=\"EN-US\">R$ 90,00 (Arena: musical attractions, Ayrton Senna exhibit, attendance to the McLaren Senna flying lap and go-kart heats and access to the Senninha Area + Athlete Kit for the run or walk)\u00a0\u00a0\u00a0\u00a0\u00a0\u00a0\u00a0\u00a0\u00a0\u00a0\u00a0\u00a0\u00a0\u00a0\u00a0\u00a0<\/span><\/p>\n<p class=\"x_MsoNormal\"><span lang=\"EN-US\">Ticket Senninha Racing Day (only for children 3-10)\u00a0\u00a0\u00a0\u00a0<\/span><\/p>\n<p class=\"x_MsoNormal\"><span lang=\"EN-US\">R$\u00a0 55,00 (Arena: musical attractions, Ayrton Senna exhibit, attendance to the McLaren Senna flying lap and go-kart heats and access to the Senninha Area + Athlete Kit for the kids\u2019 run). The ticket does not cover the entrance of and adult.<\/span><\/p>\n<p class=\"x_MsoNormal\"><span lang=\"EN-US\">*other fees may apply<\/span><\/p>\n<p class=\"x_MsoNormal\"><a href=\"https:\/\/premier.ticketsforfun.com.br\/shows\/show.aspx?sh=SENNADUB19\"><span lang=\"EN-US\">Buy your Senna Day ticket<\/span><\/a><\/p>\n<p class=\"x_MsoNormal\"><strong>SENNA DAY FESTIVAL GENERAL SCHEDULE<\/strong><\/p>\n<p class=\"x_MsoNormal\"><span lang=\"EN-US\">07h \u2013 OPENING OF THE PARKING LOT \u2013 G GATE<\/span><\/p>\n<p class=\"x_MsoNormal\"><span lang=\"EN-US\">09h \u2013 START OF THE RUN AND WALK<\/span><\/p>\n<p class=\"x_MsoNormal\"><span lang=\"EN-US\">10h \u2013 START OF THE ATTRACTIONS AND EXPERIENCES<\/span><\/p>\n<p class=\"x_MsoNormal\">10h &#8211; SENNINHA RACING DAY<\/p>\n<p class=\"x_MsoNormal\">11h \u2013 GO-KART HEATS<\/p>\n<p class=\"x_MsoNormal\">13h &#8211; MCLAREN SENNA<\/p>\n<p class=\"x_MsoNormal\"><span lang=\"EN-US\">14h \u2013 MUSICAL ATTRACTIONS<\/span><\/p>\n<p class=\"x_MsoNormal\"><span lang=\"EN-US\">18h \u2013 END OF EVENT<\/span><\/p>\n<p class=\"x_MsoNormal\"><span lang=\"EN-US\">*Times are subjected to change. They are also available at the event\u2019s official website.<\/span><\/p>\n<\/div>\n<\/div>\n<p><\/p>","protected":false},"excerpt":{"rendered":"<p>With several attractions and homages to Ayrton Senna, the Senna Day Festival, which honors the greatest Brazilian idol, takes place on May 1st\u00a0at the Interlagos Raceway; Senna Day will be a sports, music and speed festival, providing a day of unforgettable experiences to the whole family. In celebration of the 25th\u00a0anniversary of the legacy left [&hellip;]<\/p>","protected":false},"author":1,"featured_media":22297,"comment_status":"closed","ping_status":"closed","sticky":false,"template":"","format":"standard","meta":{"footnotes":""},"categories":[38,10,17],"tags":[],"class_list":["post-22324","post","type-post","status-publish","format-standard","has-post-thumbnail","hentry","category-experiencias-para-fas","category-noticias","category-novidades"],"_links":{"self":[{"href":"https:\/\/www.senna.com\/en\/wp-json\/wp\/v2\/posts\/22324","targetHints":{"allow":["GET"]}}],"collection":[{"href":"https:\/\/www.senna.com\/en\/wp-json\/wp\/v2\/posts"}],"about":[{"href":"https:\/\/www.senna.com\/en\/wp-json\/wp\/v2\/types\/post"}],"author":[{"embeddable":true,"href":"https:\/\/www.senna.com\/en\/wp-json\/wp\/v2\/users\/1"}],"replies":[{"embeddable":true,"href":"https:\/\/www.senna.com\/en\/wp-json\/wp\/v2\/comments?post=22324"}],"version-history":[{"count":0,"href":"https:\/\/www.senna.com\/en\/wp-json\/wp\/v2\/posts\/22324\/revisions"}],"wp:featuredmedia":[{"embeddable":true,"href":"https:\/\/www.senna.com\/en\/wp-json\/wp\/v2\/media\/22297"}],"wp:attachment":[{"href":"https:\/\/www.senna.com\/en\/wp-json\/wp\/v2\/media?parent=22324"}],"wp:term":[{"taxonomy":"category","embeddable":true,"href":"https:\/\/www.senna.com\/en\/wp-json\/wp\/v2\/categories?post=22324"},{"taxonomy":"post_tag","embeddable":true,"href":"https:\/\/www.senna.com\/en\/wp-json\/wp\/v2\/tags?post=22324"}],"curies":[{"name":"wp","href":"https:\/\/api.w.org\/{rel}","templated":true}]}}