{"id":26464,"date":"2023-06-21T09:46:57","date_gmt":"2023-06-21T12:46:57","guid":{"rendered":"https:\/\/www.senna.com\/?p=26464"},"modified":"2023-06-21T09:46:57","modified_gmt":"2023-06-21T12:46:57","slug":"cadeira-senna-cockpit-recebe-premiacao-de-yatch-e-aviation","status":"publish","type":"post","link":"https:\/\/www.senna.com\/en\/cadeira-senna-cockpit-recebe-premiacao-de-yatch-e-aviation\/","title":{"rendered":"Cadeira Senna Cockpit recebe premia\u00e7\u00e3o de Yatch e Aviation"},"content":{"rendered":"<p><\/p>\n\n\n\n<p><\/p>\n\n\n<div class=\"wp-block-image\">\n<figure class=\"aligncenter size-full\"><img loading=\"lazy\" decoding=\"async\" width=\"1910\" height=\"990\" src=\"https:\/\/www.senna.com\/wp-content\/uploads\/2023\/06\/1910x990_bannersite_embraer-1.png\" alt=\"Duas cadeiras de escrit\u00f3rio Senna Cockpit, pretas e com detalhes em dourado, posicionadas em frente uma da outra.\" class=\"wp-image-26465\" srcset=\"https:\/\/www.senna.com\/wp-content\/uploads\/2023\/06\/1910x990_bannersite_embraer-1.png 1910w, https:\/\/www.senna.com\/wp-content\/uploads\/2023\/06\/1910x990_bannersite_embraer-1-300x155.png 300w, https:\/\/www.senna.com\/wp-content\/uploads\/2023\/06\/1910x990_bannersite_embraer-1-1024x531.png 1024w, https:\/\/www.senna.com\/wp-content\/uploads\/2023\/06\/1910x990_bannersite_embraer-1-768x398.png 768w, https:\/\/www.senna.com\/wp-content\/uploads\/2023\/06\/1910x990_bannersite_embraer-1-1536x796.png 1536w\" sizes=\"auto, (max-width: 1910px) 100vw, 1910px\" \/><\/figure><\/div>\n\n\n<p><\/p>\n\n\n\n<p>A cadeira Senna Cockpit recebeu o prestigioso pr\u00eamio Yacht and Aviation como resultado de uma colabora\u00e7\u00e3o inovadora entre a marca SENNA e a Embraer. Essa cadeira \u00fanica combina o luxo, inova\u00e7\u00e3o, conforto e a tecnologia dos assentos de jatos particulares da Embraer com o excepcional design da marca Senna.<\/p>\n\n\n\n<p><\/p>\n\n\n\n<p>O pr\u00eamio Yacht and Aviation reconhece e celebra o que h\u00e1 de mais not\u00e1vel e inovador no setor de luxo, destacando produtos e projetos que atingem o mais alto padr\u00e3o de excel\u00eancia em termos de design, conforto e funcionalidade. A vit\u00f3ria da cadeira Senna Cockpit \u00e9 uma prova de sua distin\u00e7\u00e3o e habilidade em oferecer uma experi\u00eancia \u00fanica aos compradores.<\/p>\n\n\n\n<p><\/p>\n\n\n\n<p>&#8220;A cadeira Senna Cockpit \u00e9 um verdadeiro marco na ind\u00fastria do design mobili\u00e1rio&#8221;, afirma Bianca Senna, CEO da Senna Brands &#8220;Nosso objetivo era criar uma pe\u00e7a que incorporasse o luxo e a tecnologia entre os jatos particulares mais a performance que um carro de F1. E estamos extremamente orgulhosos de receber o Yacht and Aviation Award como reconhecimento dessa colabora\u00e7\u00e3o&#8221;.<\/p>\n\n\n\n<p><\/p>\n\n\n\n<p>A cadeira Senna Cockpit representa um marco na ind\u00fastria do design de m\u00f3veis. Seu design elegante e tecnol\u00f3gico utiliza materiais de alta qualidade e performance como a fibra de carbono encontrados em carros de F\u00f3rmula 1 e aeronaves. Inspirada em um conceito aeroespacial da Embraer chamado &#8220;PULSE&#8221;, essa cadeira de escrit\u00f3rio redefine os padr\u00f5es de conforto e funcionalidade.<\/p>\n\n\n\n<p><\/p>\n\n\n\n<p>Todos os detalhes em Senna Cockpit foram cuidadosamente pensados e projetados para trazer sofistica\u00e7\u00e3o, inova\u00e7\u00e3o e exclusividade\u201d. O ic\u00f4nico \u201cS\u201d de Senna aparece tanto no encosto da cabe\u00e7a quanto na parte de tr\u00e1s da cadeira. Ela combina o m\u00e1ximo desempenho e a busca pela melhor performance.<\/p>\n\n\n\n<p><\/p>\n\n\n\n<p>A colabora\u00e7\u00e3o entre a marca Senna e Embraer representa um marco importante na sinergia entre a avia\u00e7\u00e3o e automobilismo. Atrav\u00e9s dessa parceria, a s\u00e9rie limitada de 22 unidades da Senna Cockpit estabelece um novo padr\u00e3o de excel\u00eancia em termos de design e conforto, unindo o mundo dos jatos particulares de elite com o DNA de Ayrton Senna.<\/p>\n\n\n\n<p><\/p>\n\n\n\n<p><a href=\"https:\/\/www.thedesignawards.co.uk\/yacht-aviation-winners-2023\/\" target=\"_blank\" rel=\"noreferrer noopener\">Para mais informa\u00e7\u00f5es sobre o pr\u00eamio acesse o site oficial.<\/a><\/p>\n\n\n\n<p><\/p>\n\n\n\n<p><a href=\"https:\/\/ayrtonsenna.com.br\/senna-cockpit\/\" target=\"_blank\" rel=\"noreferrer noopener\">Conhe\u00e7a os detalhes da Senna Cockpit.<\/a><\/p>","protected":false},"excerpt":{"rendered":"<p>A cadeira Senna Cockpit recebeu o prestigioso pr\u00eamio Yacht and Aviation como resultado de uma colabora\u00e7\u00e3o inovadora entre a marca SENNA e a Embraer. Essa cadeira \u00fanica combina o luxo, inova\u00e7\u00e3o, conforto e a tecnologia dos assentos de jatos particulares da Embraer com o excepcional design da marca Senna. O pr\u00eamio Yacht and Aviation reconhece [&hellip;]<\/p>","protected":false},"author":1,"featured_media":26465,"comment_status":"closed","ping_status":"closed","sticky":false,"template":"","format":"standard","meta":{"footnotes":""},"categories":[17],"tags":[],"class_list":["post-26464","post","type-post","status-publish","format-standard","has-post-thumbnail","hentry","category-novidades"],"_links":{"self":[{"href":"https:\/\/www.senna.com\/en\/wp-json\/wp\/v2\/posts\/26464","targetHints":{"allow":["GET"]}}],"collection":[{"href":"https:\/\/www.senna.com\/en\/wp-json\/wp\/v2\/posts"}],"about":[{"href":"https:\/\/www.senna.com\/en\/wp-json\/wp\/v2\/types\/post"}],"author":[{"embeddable":true,"href":"https:\/\/www.senna.com\/en\/wp-json\/wp\/v2\/users\/1"}],"replies":[{"embeddable":true,"href":"https:\/\/www.senna.com\/en\/wp-json\/wp\/v2\/comments?post=26464"}],"version-history":[{"count":0,"href":"https:\/\/www.senna.com\/en\/wp-json\/wp\/v2\/posts\/26464\/revisions"}],"wp:featuredmedia":[{"embeddable":true,"href":"https:\/\/www.senna.com\/en\/wp-json\/wp\/v2\/media\/26465"}],"wp:attachment":[{"href":"https:\/\/www.senna.com\/en\/wp-json\/wp\/v2\/media?parent=26464"}],"wp:term":[{"taxonomy":"category","embeddable":true,"href":"https:\/\/www.senna.com\/en\/wp-json\/wp\/v2\/categories?post=26464"},{"taxonomy":"post_tag","embeddable":true,"href":"https:\/\/www.senna.com\/en\/wp-json\/wp\/v2\/tags?post=26464"}],"curies":[{"name":"wp","href":"https:\/\/api.w.org\/{rel}","templated":true}]}}