{"id":28883,"date":"2022-12-08T19:51:00","date_gmt":"2022-12-08T22:51:00","guid":{"rendered":"https:\/\/www.senna.com\/?p=28883"},"modified":"2026-02-20T20:59:49","modified_gmt":"2026-02-20T23:59:49","slug":"teatro-riachuelo-rio-recebe-exposicao-interativa-gratuita-sobre-ayrton-senna-2","status":"publish","type":"post","link":"https:\/\/www.senna.com\/en\/teatro-riachuelo-rio-recebe-exposicao-interativa-gratuita-sobre-ayrton-senna\/","title":{"rendered":"Teatro Riachuelo Rio recebe exposi\u00e7\u00e3o interativa gratuita sobre Ayrton Senna"},"content":{"rendered":"<p>A galeria de acesso ao Teatro Riachuelo Rio se transformou em um grande circuito de corrida para abrigar a exposi\u00e7\u00e3o \u201cSenna Sempre\u201d, realizada pela Aventura Entretenimento e apresentada pelo Teatro Riachuelo Rio, em homenagem a um dos maiores pilotos de todos os tempos. At\u00e9 04 de fevereiro o p\u00fablico poder\u00e1 visitar gratuitamente o espa\u00e7o e relembrar a \u00e9poca em que as manh\u00e3s de domingo tinham sabor de vit\u00f3ria.<\/p>\n\n\n\n<p><\/p>\n\n\n\n<p>O programa indicado para toda a fam\u00edlia busca tocar a mem\u00f3ria afetiva do visitante e trazer a sensa\u00e7\u00e3o de estar mais pr\u00f3ximo do grande \u00eddolo nacional. Logo na entrada do teatro pode ser vista a r\u00e9plica do \u00faltimo capacete utilizado por Senna, em 1993. Ao lado, pain\u00e9is contam de forma linear pontos importantes da carreira do atleta com miniaturas dos carros utilizados pelo piloto. Tamb\u00e9m comp\u00f5em a mostra o trabalho do fot\u00f3grafo Keith Sutton \u2013 primeiro fot\u00f3grafo que acompanhou a vida e carreira de Ayrton \u2013 com imagens escolhidas a dedo pela fam\u00edlia Senna, de um Ayrton ainda jovem, em in\u00edcio de carreira, at\u00e9 momentos marcantes, como no p\u00f3dio na F\u00f3rmula 1.Previous<\/p>\n\n\n\n<figure class=\"wp-block-gallery has-nested-images columns-default is-cropped wp-block-gallery-2 is-layout-flex wp-block-gallery-is-layout-flex\">\n<figure class=\"wp-block-image size-medium\"><a href=\"https:\/\/www.senna.com\/wp-content\/uploads\/2023\/12\/CGF6326-scaled.jpg\"><img decoding=\"async\" data-id=\"28891\" src=\"https:\/\/www.senna.com\/wp-content\/uploads\/2023\/12\/CGF6326-295x197.jpg\" alt=\"\" class=\"wp-image-28891\"\/><\/a><\/figure>\n\n\n\n<figure class=\"wp-block-image size-medium\"><a href=\"https:\/\/www.senna.com\/wp-content\/uploads\/2023\/12\/CGF6289-scaled.jpg\"><img decoding=\"async\" data-id=\"28894\" src=\"https:\/\/www.senna.com\/wp-content\/uploads\/2023\/12\/CGF6289-295x295.jpg\" alt=\"\" class=\"wp-image-28894\"\/><\/a><\/figure>\n\n\n\n<figure class=\"wp-block-image size-medium\"><a href=\"https:\/\/www.senna.com\/wp-content\/uploads\/2023\/12\/CGF5956-scaled.jpg\"><img decoding=\"async\" data-id=\"28897\" src=\"https:\/\/www.senna.com\/wp-content\/uploads\/2023\/12\/CGF5956-295x197.jpg\" alt=\"\" class=\"wp-image-28897\"\/><\/a><\/figure>\n\n\n\n<figure class=\"wp-block-image size-medium\"><a href=\"https:\/\/www.senna.com\/wp-content\/uploads\/2023\/12\/CGF5931-scaled.jpg\"><img decoding=\"async\" data-id=\"28898\" src=\"https:\/\/www.senna.com\/wp-content\/uploads\/2023\/12\/CGF5931-295x174.jpg\" alt=\"\" class=\"wp-image-28898\"\/><\/a><\/figure>\n\n\n\n<figure class=\"wp-block-image size-medium\"><a href=\"https:\/\/www.senna.com\/wp-content\/uploads\/2023\/12\/CGF6296-scaled.jpg\"><img decoding=\"async\" data-id=\"28899\" src=\"https:\/\/www.senna.com\/wp-content\/uploads\/2023\/12\/CGF6296-295x197.jpg\" alt=\"\" class=\"wp-image-28899\"\/><\/a><\/figure>\n\n\n\n<figure class=\"wp-block-image size-medium\"><a href=\"https:\/\/www.senna.com\/wp-content\/uploads\/2023\/12\/CGF6703-scaled.jpg\"><img decoding=\"async\" data-id=\"28900\" src=\"https:\/\/www.senna.com\/wp-content\/uploads\/2023\/12\/CGF6703-295x197.jpg\" alt=\"\" class=\"wp-image-28900\"\/><\/a><\/figure>\n\n\n\n<figure class=\"wp-block-image size-medium\"><a href=\"https:\/\/www.senna.com\/wp-content\/uploads\/2023\/12\/CGF5967-scaled.jpg\"><img decoding=\"async\" data-id=\"28901\" src=\"https:\/\/www.senna.com\/wp-content\/uploads\/2023\/12\/CGF5967-295x442.jpg\" alt=\"\" class=\"wp-image-28901\"\/><\/a><\/figure>\n<\/figure>\n\n\n\n<p>A exposi\u00e7\u00e3o conta tamb\u00e9m com experi\u00eancias interativas em duas \u00e1reas. O visitante pode tirar foto em realidade aumentada como se estivesse segurando o trof\u00e9u do tricampeonato, conquistado pelo piloto no GP Brasil, em 1991. E, ainda, assistir a uma proje\u00e7\u00e3o mapeada em 3D sobre uma r\u00e9plica de um carro de F1 que exibe todas as escuderias que Senna passou na carreira. \u201cQuisemos vestir o teatro com a figura do Ayrton Senna. Al\u00e9m do musical, o visitante pode vir relembrar momentos marcantes em v\u00eddeos, \u00e1udios, narra\u00e7\u00f5es, mensagens e tamb\u00e9m ter novas experi\u00eancias\u201d, comenta Aniela Jordan, s\u00f3cia-diretora da Aventura Entretenimento.<\/p>\n\n\n\n<p>A exposi\u00e7\u00e3o \u201cSenna Sempre\u201d tem patroc\u00ednio da Riachuelo e BRProperties, conceito e cenografia da Quiero+, impress\u00e3o digital da Nova Dupla, marcenaria da Marcenaria Odair e apoio do Instituto Ayrton Senna. At\u00e9 04 de fevereiro a galeria do Teatro Riachuelo Rio fica aberta para visita\u00e7\u00e3o de ter\u00e7a a s\u00e1bado, das 12h \u00e0s 20h e domingo das 11h \u00e0s 18h30.<\/p>\n\n\n\n<p><strong><u>SERVI\u00c7O \u2013 EXPOSI\u00c7\u00c3O AYRTON SENNA<\/u><\/strong><\/p>\n\n\n\n<p>Local:&nbsp;Teatro Riachuelo Rio \u2013 Rua do Passeio, 40 \u2013 Cinel\u00e2ndia \u2013 Rio de Janeiro\/RJ<\/p>\n\n\n\n<p>Temporada: de 14 de novembro a 04 de fevereiro.<\/p>\n\n\n\n<p>Hor\u00e1rios: Ter\u00e7a a s\u00e1bado \u2013 das 12h \u00e0s 20h | Domingo \u2013 das 11h \u00e0s 18h30.<\/p>\n\n\n\n<p>Pre\u00e7o: Gratuito<\/p>\n\n\n\n<p>Classifica\u00e7\u00e3o et\u00e1ria: Livre<\/p>","protected":false},"excerpt":{"rendered":"<p>A galeria de acesso ao Teatro Riachuelo Rio se transformou em um grande circuito de corrida para abrigar a exposi\u00e7\u00e3o \u201cSenna Sempre\u201d, realizada pela Aventura Entretenimento e apresentada pelo Teatro Riachuelo Rio, em homenagem a um dos maiores pilotos de todos os tempos. At\u00e9 04 de fevereiro o p\u00fablico poder\u00e1 visitar gratuitamente o espa\u00e7o e [&hellip;]<\/p>","protected":false},"author":1,"featured_media":28891,"comment_status":"closed","ping_status":"closed","sticky":false,"template":"","format":"standard","meta":{"footnotes":""},"categories":[137],"tags":[],"class_list":["post-28883","post","type-post","status-publish","format-standard","has-post-thumbnail","hentry","category-webserie"],"_links":{"self":[{"href":"https:\/\/www.senna.com\/en\/wp-json\/wp\/v2\/posts\/28883","targetHints":{"allow":["GET"]}}],"collection":[{"href":"https:\/\/www.senna.com\/en\/wp-json\/wp\/v2\/posts"}],"about":[{"href":"https:\/\/www.senna.com\/en\/wp-json\/wp\/v2\/types\/post"}],"author":[{"embeddable":true,"href":"https:\/\/www.senna.com\/en\/wp-json\/wp\/v2\/users\/1"}],"replies":[{"embeddable":true,"href":"https:\/\/www.senna.com\/en\/wp-json\/wp\/v2\/comments?post=28883"}],"version-history":[{"count":0,"href":"https:\/\/www.senna.com\/en\/wp-json\/wp\/v2\/posts\/28883\/revisions"}],"wp:featuredmedia":[{"embeddable":true,"href":"https:\/\/www.senna.com\/en\/wp-json\/wp\/v2\/media\/28891"}],"wp:attachment":[{"href":"https:\/\/www.senna.com\/en\/wp-json\/wp\/v2\/media?parent=28883"}],"wp:term":[{"taxonomy":"category","embeddable":true,"href":"https:\/\/www.senna.com\/en\/wp-json\/wp\/v2\/categories?post=28883"},{"taxonomy":"post_tag","embeddable":true,"href":"https:\/\/www.senna.com\/en\/wp-json\/wp\/v2\/tags?post=28883"}],"curies":[{"name":"wp","href":"https:\/\/api.w.org\/{rel}","templated":true}]}}