{"id":33266,"date":"2024-05-06T16:24:28","date_gmt":"2024-05-06T19:24:28","guid":{"rendered":"https:\/\/www.senna.com\/?p=33266"},"modified":"2024-05-06T16:24:28","modified_gmt":"2024-05-06T19:24:28","slug":"rodas-gigantes-de-sp-sc-e-rs-homenageiam-ayrton-senna-com-projecao-especial-no-dia-1o-de-maio","status":"publish","type":"post","link":"https:\/\/www.senna.com\/en\/rodas-gigantes-de-sp-sc-e-rs-homenageiam-ayrton-senna-com-projecao-especial-no-dia-1o-de-maio\/","title":{"rendered":"(Portugu\u00eas) Rodas-gigantes de SP, SC e RS homenageiam Ayrton Senna com proje\u00e7\u00e3o especial no dia 1\u00ba de maio"},"content":{"rendered":"<p class=\"qtranxs-available-languages-message qtranxs-available-languages-message-en\">Sorry, this entry is only available in <a href=\"https:\/\/www.senna.com\/pt\/wp-json\/wp\/v2\/posts\/33266\" class=\"qtranxs-available-language-link qtranxs-available-language-link-pt\" title=\"Portugu\u00eas\">Portugu\u00eas<\/a>.<\/p>","protected":false},"excerpt":{"rendered":"<p>Sorry, this entry is only available in Portugu\u00eas.<\/p>","protected":false},"author":1,"featured_media":33268,"comment_status":"closed","ping_status":"closed","sticky":false,"template":"","format":"standard","meta":{"footnotes":""},"categories":[69,11],"tags":[6,90,91,41,92,93],"class_list":["post-33266","post","type-post","status-publish","format-standard","has-post-thumbnail","hentry","category-30-anos-de-legado","category-senna-na-midia","tag-ayrton-senna","tag-balneario-camboriu","tag-canela","tag-homenagem","tag-roda-gigante","tag-sao-paulo"],"_links":{"self":[{"href":"https:\/\/www.senna.com\/en\/wp-json\/wp\/v2\/posts\/33266","targetHints":{"allow":["GET"]}}],"collection":[{"href":"https:\/\/www.senna.com\/en\/wp-json\/wp\/v2\/posts"}],"about":[{"href":"https:\/\/www.senna.com\/en\/wp-json\/wp\/v2\/types\/post"}],"author":[{"embeddable":true,"href":"https:\/\/www.senna.com\/en\/wp-json\/wp\/v2\/users\/1"}],"replies":[{"embeddable":true,"href":"https:\/\/www.senna.com\/en\/wp-json\/wp\/v2\/comments?post=33266"}],"version-history":[{"count":0,"href":"https:\/\/www.senna.com\/en\/wp-json\/wp\/v2\/posts\/33266\/revisions"}],"wp:featuredmedia":[{"embeddable":true,"href":"https:\/\/www.senna.com\/en\/wp-json\/wp\/v2\/media\/33268"}],"wp:attachment":[{"href":"https:\/\/www.senna.com\/en\/wp-json\/wp\/v2\/media?parent=33266"}],"wp:term":[{"taxonomy":"category","embeddable":true,"href":"https:\/\/www.senna.com\/en\/wp-json\/wp\/v2\/categories?post=33266"},{"taxonomy":"post_tag","embeddable":true,"href":"https:\/\/www.senna.com\/en\/wp-json\/wp\/v2\/tags?post=33266"}],"curies":[{"name":"wp","href":"https:\/\/api.w.org\/{rel}","templated":true}]}}