{"id":33915,"date":"2024-05-29T12:54:09","date_gmt":"2024-05-29T15:54:09","guid":{"rendered":"https:\/\/www.senna.com\/?p=33915"},"modified":"2024-05-29T12:54:09","modified_gmt":"2024-05-29T15:54:09","slug":"charles-leclerc-destaca-ayrton-senna-como-seu-grande-idolo-apos-vitoria-em-monaco","status":"publish","type":"post","link":"https:\/\/www.senna.com\/en\/charles-leclerc-destaca-ayrton-senna-como-seu-grande-idolo-apos-vitoria-em-monaco\/","title":{"rendered":"(Portugu\u00eas) Charles Leclerc destaca Ayrton Senna como seu grande \u00eddolo ap\u00f3s vit\u00f3ria em M\u00f4naco"},"content":{"rendered":"<p class=\"qtranxs-available-languages-message qtranxs-available-languages-message-en\">Sorry, this entry is only available in <a href=\"https:\/\/www.senna.com\/pt\/wp-json\/wp\/v2\/posts\/33915\" class=\"qtranxs-available-language-link qtranxs-available-language-link-pt\" title=\"Portugu\u00eas\">Portugu\u00eas<\/a>.<\/p>","protected":false},"excerpt":{"rendered":"<p>Sorry, this entry is only available in Portugu\u00eas.<\/p>","protected":false},"author":1,"featured_media":33922,"comment_status":"closed","ping_status":"closed","sticky":false,"template":"","format":"standard","meta":{"footnotes":""},"categories":[11],"tags":[6,104,21,41,98],"class_list":["post-33915","post","type-post","status-publish","format-standard","has-post-thumbnail","hentry","category-senna-na-midia","tag-ayrton-senna","tag-charles-leclerc","tag-f1","tag-homenagem","tag-monaco-2"],"_links":{"self":[{"href":"https:\/\/www.senna.com\/en\/wp-json\/wp\/v2\/posts\/33915","targetHints":{"allow":["GET"]}}],"collection":[{"href":"https:\/\/www.senna.com\/en\/wp-json\/wp\/v2\/posts"}],"about":[{"href":"https:\/\/www.senna.com\/en\/wp-json\/wp\/v2\/types\/post"}],"author":[{"embeddable":true,"href":"https:\/\/www.senna.com\/en\/wp-json\/wp\/v2\/users\/1"}],"replies":[{"embeddable":true,"href":"https:\/\/www.senna.com\/en\/wp-json\/wp\/v2\/comments?post=33915"}],"version-history":[{"count":0,"href":"https:\/\/www.senna.com\/en\/wp-json\/wp\/v2\/posts\/33915\/revisions"}],"wp:featuredmedia":[{"embeddable":true,"href":"https:\/\/www.senna.com\/en\/wp-json\/wp\/v2\/media\/33922"}],"wp:attachment":[{"href":"https:\/\/www.senna.com\/en\/wp-json\/wp\/v2\/media?parent=33915"}],"wp:term":[{"taxonomy":"category","embeddable":true,"href":"https:\/\/www.senna.com\/en\/wp-json\/wp\/v2\/categories?post=33915"},{"taxonomy":"post_tag","embeddable":true,"href":"https:\/\/www.senna.com\/en\/wp-json\/wp\/v2\/tags?post=33915"}],"curies":[{"name":"wp","href":"https:\/\/api.w.org\/{rel}","templated":true}]}}