{"id":42691,"date":"2024-11-04T21:21:07","date_gmt":"2024-11-05T00:21:07","guid":{"rendered":"https:\/\/www.senna.com\/?p=42691"},"modified":"2026-02-20T20:46:57","modified_gmt":"2026-02-20T23:46:57","slug":"lalalli-senna-divulga-seus-projetos-para-fas-no-gp-sao-paulo-de-f1-nosso-senna-collection-senna-tower-e-documentario-inedito","status":"publish","type":"post","link":"https:\/\/www.senna.com\/en\/lalalli-senna-divulga-seus-projetos-para-fas-no-gp-sao-paulo-de-f1-nosso-senna-collection-senna-tower-e-documentario-inedito\/","title":{"rendered":"(Portugu\u00eas) Lalalli Senna divulga seus projetos para f\u00e3s no GP S\u00e3o Paulo de F1"},"content":{"rendered":"<p class=\"qtranxs-available-languages-message qtranxs-available-languages-message-en\">Sorry, this entry is only available in <a href=\"https:\/\/www.senna.com\/pt\/wp-json\/wp\/v2\/posts\/42691\" class=\"qtranxs-available-language-link qtranxs-available-language-link-pt\" title=\"Portugu\u00eas\">Portugu\u00eas<\/a>.<\/p>","protected":false},"excerpt":{"rendered":"<p>Sorry, this entry is only available in Portugu\u00eas.<\/p>","protected":false},"author":4,"featured_media":42656,"comment_status":"closed","ping_status":"closed","sticky":false,"template":"","format":"standard","meta":{"footnotes":""},"categories":[69,269,1],"tags":[6,8,41,42,265,32,54,278],"class_list":["post-42691","post","type-post","status-publish","format-standard","has-post-thumbnail","hentry","category-30-anos-de-legado","category-gp-de-sao-paulo-2024","category-sem-categoria","tag-ayrton-senna","tag-formula-1","tag-homenagem","tag-interlagos","tag-lalalli-senna","tag-lancamento","tag-nosso-senna","tag-nosso-senna-collection"],"_links":{"self":[{"href":"https:\/\/www.senna.com\/en\/wp-json\/wp\/v2\/posts\/42691","targetHints":{"allow":["GET"]}}],"collection":[{"href":"https:\/\/www.senna.com\/en\/wp-json\/wp\/v2\/posts"}],"about":[{"href":"https:\/\/www.senna.com\/en\/wp-json\/wp\/v2\/types\/post"}],"author":[{"embeddable":true,"href":"https:\/\/www.senna.com\/en\/wp-json\/wp\/v2\/users\/4"}],"replies":[{"embeddable":true,"href":"https:\/\/www.senna.com\/en\/wp-json\/wp\/v2\/comments?post=42691"}],"version-history":[{"count":0,"href":"https:\/\/www.senna.com\/en\/wp-json\/wp\/v2\/posts\/42691\/revisions"}],"wp:featuredmedia":[{"embeddable":true,"href":"https:\/\/www.senna.com\/en\/wp-json\/wp\/v2\/media\/42656"}],"wp:attachment":[{"href":"https:\/\/www.senna.com\/en\/wp-json\/wp\/v2\/media?parent=42691"}],"wp:term":[{"taxonomy":"category","embeddable":true,"href":"https:\/\/www.senna.com\/en\/wp-json\/wp\/v2\/categories?post=42691"},{"taxonomy":"post_tag","embeddable":true,"href":"https:\/\/www.senna.com\/en\/wp-json\/wp\/v2\/tags?post=42691"}],"curies":[{"name":"wp","href":"https:\/\/api.w.org\/{rel}","templated":true}]}}