{"id":44501,"date":"2025-05-23T11:32:51","date_gmt":"2025-05-23T14:32:51","guid":{"rendered":"https:\/\/www.senna.com\/?p=44501"},"modified":"2026-02-20T20:31:05","modified_gmt":"2026-02-20T23:31:05","slug":"rei-de-monaco-ayrton-senna-recebe-homenagens-da-nova-geracao-da-formula-1-no-gp-de-2025","status":"publish","type":"post","link":"https:\/\/www.senna.com\/en\/portugues-rei-de-monaco-ayrton-senna-recebe-homenagens-da-nova-geracao-da-formula-1-no-gp-de-2025\/","title":{"rendered":"King of Monaco, Ayrton Senna receives tributes from F1&#8217;s new generation at 2025 GP"},"content":{"rendered":"<p class=\"has-medium-font-size\">Monaco is Formula 1\u2019s most prestigious and historic circuit. It&#8217;s no coincidence that the driver holding the record for the most wins here is Ayrton Senna, hailed as the greatest driver of all time by his own peers\u2014a sentiment reinforced at this year\u2019s Monte Carlo GP.<\/p>\n\n\n\n<p class=\"has-medium-font-size\">Senna\u2019s brilliance at Monaco began dramatically in 1984, when he debuted impressively with the modest Toleman team, securing a second-place finish in torrential rain\u2014a race that might have yielded victory had it not been prematurely halted. Subsequently, his victories in 1987, 1989, 1990, 1991, 1992, and 1993 established a record still unmatched in Formula 1.<\/p>\n\n\n\n<figure class=\"wp-block-image size-full\"><img loading=\"lazy\" decoding=\"async\" width=\"960\" height=\"540\" src=\"https:\/\/www.senna.com\/wp-content\/uploads\/2016\/04\/960x540_0007_84mc_003.jpg.jpg\" alt=\"\" class=\"wp-image-18825\" srcset=\"https:\/\/www.senna.com\/wp-content\/uploads\/2016\/04\/960x540_0007_84mc_003.jpg.jpg 960w, https:\/\/www.senna.com\/wp-content\/uploads\/2016\/04\/960x540_0007_84mc_003.jpg-300x169.jpg 300w, https:\/\/www.senna.com\/wp-content\/uploads\/2016\/04\/960x540_0007_84mc_003.jpg-768x432.jpg 768w\" sizes=\"auto, (max-width: 960px) 100vw, 960px\" \/><figcaption class=\"wp-element-caption\"><em>Senna na pista molhada durante o GP de M\u00f4naco de 1984<\/em><\/figcaption><\/figure>\n\n\n\n<p class=\"has-medium-font-size\">Such exceptional performance at Monaco continues to inspire today&#8217;s drivers, many of whom were not yet born when Senna competed. Last year&#8217;s winner, <strong>Charles Leclerc<\/strong>, exemplifies this enduring admiration. When asked about Senna\u2019s legendary performances on Monaco\u2019s streets, Leclerc explained:<\/p>\n\n\n\n<p class=\"has-medium-font-size\"><em>&#8220;Definitely, he was a great inspiration. Everything he achieved\u2014especially here in Monaco\u2014has deeply influenced me. My father watched Ayrton racing here and used to describe how incredible he was, especially in wet conditions. That\u2019s part of Ayrton\u2019s magic. Monaco is undoubtedly one of the most special laps he ever completed,&#8221;<\/em> said Leclerc, who in 2023 visited the Senna Brands and Instituto Ayrton Senna headquarters in S\u00e3o Paulo, expressing his admiration to Viviane and Lalalli Senna.<\/p>\n\n\n\n<figure class=\"wp-block-image size-large\"><img loading=\"lazy\" decoding=\"async\" width=\"1024\" height=\"1024\" src=\"https:\/\/www.senna.com\/wp-content\/uploads\/2025\/05\/CL_Senna_Foundation_byAT-4869-1024x1024.jpg\" alt=\"\" class=\"wp-image-44509\" srcset=\"https:\/\/www.senna.com\/wp-content\/uploads\/2025\/05\/CL_Senna_Foundation_byAT-4869-1024x1024.jpg 1024w, https:\/\/www.senna.com\/wp-content\/uploads\/2025\/05\/CL_Senna_Foundation_byAT-4869-300x300.jpg 300w, https:\/\/www.senna.com\/wp-content\/uploads\/2025\/05\/CL_Senna_Foundation_byAT-4869-150x150.jpg 150w, https:\/\/www.senna.com\/wp-content\/uploads\/2025\/05\/CL_Senna_Foundation_byAT-4869-768x768.jpg 768w, https:\/\/www.senna.com\/wp-content\/uploads\/2025\/05\/CL_Senna_Foundation_byAT-4869-1536x1536.jpg 1536w, https:\/\/www.senna.com\/wp-content\/uploads\/2025\/05\/CL_Senna_Foundation_byAT-4869-12x12.jpg 12w, https:\/\/www.senna.com\/wp-content\/uploads\/2025\/05\/CL_Senna_Foundation_byAT-4869.jpg 2000w\" sizes=\"auto, (max-width: 1024px) 100vw, 1024px\" \/><figcaption class=\"wp-element-caption\"><em>Charles Leclerc em visita \u00e0 Senna Brands e Instituto Ayrton Senna em 2023<\/em><\/figcaption><\/figure>\n\n\n\n<p class=\"has-medium-font-size\">Tributes to Senna are also a major highlight of the 2025 Monaco GP. French driver <strong>Isack Hadjar<\/strong> notably honored Senna with a special helmet dedicated to the three-time Brazilian world champion.<\/p>\n\n\n\n<p class=\"has-medium-font-size\"><em>&#8220;I initially considered making this special design for Brazil, but doing it here felt even more meaningful because there\u2019s a king in Monte Carlo, and that king is Ayrton. As a kid, I watched numerous YouTube videos of him absolutely dominating here. I thought, if I become an F1 driver and race here, I want to pay tribute. My helmet features statistics about his pole positions, victories, and the years he won. I think it was a great idea,&#8221;<\/em> Hadjar stated.<\/p>\n\n\n\n<figure class=\"wp-block-image size-large\"><img loading=\"lazy\" decoding=\"async\" width=\"819\" height=\"1024\" src=\"https:\/\/www.senna.com\/wp-content\/uploads\/2025\/05\/Hadjar_capacete-Senna-819x1024.jpg\" alt=\"\" class=\"wp-image-44507\" srcset=\"https:\/\/www.senna.com\/wp-content\/uploads\/2025\/05\/Hadjar_capacete-Senna-819x1024.jpg 819w, https:\/\/www.senna.com\/wp-content\/uploads\/2025\/05\/Hadjar_capacete-Senna-240x300.jpg 240w, https:\/\/www.senna.com\/wp-content\/uploads\/2025\/05\/Hadjar_capacete-Senna-768x960.jpg 768w, https:\/\/www.senna.com\/wp-content\/uploads\/2025\/05\/Hadjar_capacete-Senna-10x12.jpg 10w, https:\/\/www.senna.com\/wp-content\/uploads\/2025\/05\/Hadjar_capacete-Senna.jpg 1080w\" sizes=\"auto, (max-width: 819px) 100vw, 819px\" \/><figcaption class=\"wp-element-caption\"><em>Isack Hadjar, piloto da Racing Bulls, e o capacete especial para o GP de M\u00f4naco.<\/em><\/figcaption><\/figure>\n\n\n\n<p class=\"has-medium-font-size\"><strong>Pierre Gasly<\/strong> of Alpine, another French driver, also expressed his admiration during the Monaco weekend. Gasly, who previously paid homage through special helmet designs, shared his thoughts:<\/p>\n\n\n\n<p class=\"has-medium-font-size\"><em>&#8220;Footage online, documentaries, especially his performances against Alain Prost on a wet Monaco track, deeply impacted me. Being French, when you hear about Prost, you immediately hear about Senna. Both have been idols since my childhood. Ayrton\u2019s way of articulating what he felt driving through these streets created a unique connection. That\u2019s a huge reason I&#8217;ve admired him from an early age,&#8221;<\/em> Gasly noted.<\/p>\n\n\n\n<figure class=\"wp-block-image size-large\"><img loading=\"lazy\" decoding=\"async\" width=\"768\" height=\"1024\" src=\"https:\/\/www.senna.com\/wp-content\/uploads\/2025\/05\/Coletiva-pilotos-768x1024.jpg\" alt=\"\" class=\"wp-image-44508\" srcset=\"https:\/\/www.senna.com\/wp-content\/uploads\/2025\/05\/Coletiva-pilotos-768x1024.jpg 768w, https:\/\/www.senna.com\/wp-content\/uploads\/2025\/05\/Coletiva-pilotos-225x300.jpg 225w, https:\/\/www.senna.com\/wp-content\/uploads\/2025\/05\/Coletiva-pilotos-1152x1536.jpg 1152w, https:\/\/www.senna.com\/wp-content\/uploads\/2025\/05\/Coletiva-pilotos-1536x2048.jpg 1536w, https:\/\/www.senna.com\/wp-content\/uploads\/2025\/05\/Coletiva-pilotos-9x12.jpg 9w, https:\/\/www.senna.com\/wp-content\/uploads\/2025\/05\/Coletiva-pilotos-scaled.jpg 1920w\" sizes=\"auto, (max-width: 768px) 100vw, 768px\" \/><figcaption class=\"wp-element-caption\">Durante coletiva de imprensa em M\u00f4naco, pilotos falaram sobre admira\u00e7\u00e3o por Senna.<\/figcaption><\/figure>\n\n\n\n<h2 class=\"wp-block-heading\">Brazilian drivers in Monaco<\/h2>\n\n\n\n<p class=\"has-medium-font-size\">Brazilian drivers competing this weekend are also paying homage. In Formula 3, <strong>Rafael C\u00e2mara<\/strong> is racing with a special design in his debut at Monte Carlo. <em>&#8220;He&#8217;s my greatest idol, and it\u2019s an honor to race in these colors, paying tribute to the greatest,&#8221;<\/em> said C\u00e2mara, currently leading the F3 championship and part of the Ferrari Driver Academy.<\/p>\n\n\n\n<figure class=\"wp-block-gallery has-nested-images columns-default is-cropped wp-block-gallery-2 is-layout-flex wp-block-gallery-is-layout-flex\">\n<figure class=\"wp-block-image size-large\"><img loading=\"lazy\" decoding=\"async\" width=\"1024\" height=\"1024\" data-id=\"44505\" src=\"https:\/\/www.senna.com\/wp-content\/uploads\/2025\/05\/Rafa-Camara_capacete-Senna1-1024x1024.jpg\" alt=\"\" class=\"wp-image-44505\" srcset=\"https:\/\/www.senna.com\/wp-content\/uploads\/2025\/05\/Rafa-Camara_capacete-Senna1-1024x1024.jpg 1024w, https:\/\/www.senna.com\/wp-content\/uploads\/2025\/05\/Rafa-Camara_capacete-Senna1-300x300.jpg 300w, https:\/\/www.senna.com\/wp-content\/uploads\/2025\/05\/Rafa-Camara_capacete-Senna1-150x150.jpg 150w, https:\/\/www.senna.com\/wp-content\/uploads\/2025\/05\/Rafa-Camara_capacete-Senna1-768x767.jpg 768w, https:\/\/www.senna.com\/wp-content\/uploads\/2025\/05\/Rafa-Camara_capacete-Senna1-12x12.jpg 12w, https:\/\/www.senna.com\/wp-content\/uploads\/2025\/05\/Rafa-Camara_capacete-Senna1.jpg 1080w\" sizes=\"auto, (max-width: 1024px) 100vw, 1024px\" \/><figcaption class=\"wp-element-caption\">Capacete de Rafa C\u00e2mara para o GP de M\u00f4naco da F\u00f3rmula 3<\/figcaption><\/figure>\n\n\n\n<figure class=\"wp-block-image size-large\"><img loading=\"lazy\" decoding=\"async\" width=\"1024\" height=\"1024\" data-id=\"44503\" src=\"https:\/\/www.senna.com\/wp-content\/uploads\/2025\/05\/Rafa-Camara_capacete-Senna2-1024x1024.jpg\" alt=\"\" class=\"wp-image-44503\" srcset=\"https:\/\/www.senna.com\/wp-content\/uploads\/2025\/05\/Rafa-Camara_capacete-Senna2-1024x1024.jpg 1024w, https:\/\/www.senna.com\/wp-content\/uploads\/2025\/05\/Rafa-Camara_capacete-Senna2-300x300.jpg 300w, https:\/\/www.senna.com\/wp-content\/uploads\/2025\/05\/Rafa-Camara_capacete-Senna2-150x150.jpg 150w, https:\/\/www.senna.com\/wp-content\/uploads\/2025\/05\/Rafa-Camara_capacete-Senna2-768x768.jpg 768w, https:\/\/www.senna.com\/wp-content\/uploads\/2025\/05\/Rafa-Camara_capacete-Senna2-12x12.jpg 12w, https:\/\/www.senna.com\/wp-content\/uploads\/2025\/05\/Rafa-Camara_capacete-Senna2.jpg 1080w\" sizes=\"auto, (max-width: 1024px) 100vw, 1024px\" \/><figcaption class=\"wp-element-caption\">Detalhe da homenagem a Senna<\/figcaption><\/figure>\n<\/figure>\n\n\n\n<p class=\"has-medium-font-size\">Meanwhile, <strong>Gabriel Bortoleto<\/strong> brings Brazil back to the F1 grid in Monaco, using a helmet inspired by Senna&#8217;s iconic design, initially adopted during his tribute at last year&#8217;s Imola GP in Formula 2.<\/p>\n\n\n\n<p class=\"has-medium-font-size\"><em>&#8220;It\u2019s incredibly rewarding to carry Ayrton\u2019s and Brazil\u2019s colors into my races, representing my country as he did throughout his career. This design brought me significant luck in my F2 season and will be even more special in my Monaco debut,&#8221;<\/em> said Bortoleto.<\/p>\n\n\n\n<p class=\"has-medium-font-size\">Various tributes to Senna are visible throughout the circuit, including the press room, trackside advertisements (such as those from Tag Heuer, Senna\u2019s sponsor during his McLaren years and a Senna Brand partner), and at the Fairmont Hotel, where a metal statue was inaugurated by Prince Albert I and Viviane Senna in 2007, marking the 20th anniversary of Senna\u2019s first Monaco victory.<\/p>\n\n\n\n<figure class=\"wp-block-image size-large\"><img loading=\"lazy\" decoding=\"async\" width=\"768\" height=\"1024\" src=\"https:\/\/www.senna.com\/wp-content\/uploads\/2025\/05\/Homenagem-Senna_Monaco1-768x1024.jpg\" alt=\"\" class=\"wp-image-44504\" srcset=\"https:\/\/www.senna.com\/wp-content\/uploads\/2025\/05\/Homenagem-Senna_Monaco1-768x1024.jpg 768w, https:\/\/www.senna.com\/wp-content\/uploads\/2025\/05\/Homenagem-Senna_Monaco1-225x300.jpg 225w, https:\/\/www.senna.com\/wp-content\/uploads\/2025\/05\/Homenagem-Senna_Monaco1-1152x1536.jpg 1152w, https:\/\/www.senna.com\/wp-content\/uploads\/2025\/05\/Homenagem-Senna_Monaco1-1536x2048.jpg 1536w, https:\/\/www.senna.com\/wp-content\/uploads\/2025\/05\/Homenagem-Senna_Monaco1-9x12.jpg 9w, https:\/\/www.senna.com\/wp-content\/uploads\/2025\/05\/Homenagem-Senna_Monaco1-scaled.jpg 1920w\" sizes=\"auto, (max-width: 768px) 100vw, 768px\" \/><figcaption class=\"wp-element-caption\">Homenagens a Senna podem ser vistas em pontos tur\u00edsticos do Principado.<\/figcaption><\/figure>\n\n\n\n<p class=\"has-medium-font-size\">Besides his unmatched record of six victories, Ayrton remains the only Brazilian ever to win at Monaco in Formula 1. Even his crash in 1988, while leading Prost by over 50 seconds, became a legendary moment. Following that incident, Senna never again lost at Monaco, securing five consecutive victories from 1989 to 1993.<\/p>\n\n\n\n<p class=\"has-small-font-size\"><em>Article written by Rodrigo Fran\u00e7a, from Monte Carlo (M\u00f4naco).<\/em><\/p>","protected":false},"excerpt":{"rendered":"<p class=\"qtranxs-available-languages-message qtranxs-available-languages-message-en\">Sorry, this entry is only available in <a href=\"https:\/\/www.senna.com\/pt\/wp-json\/wp\/v2\/posts\/44501\" class=\"qtranxs-available-language-link qtranxs-available-language-link-pt\" title=\"Portugu\u00eas\">Portugu\u00eas<\/a>.<\/p>","protected":false},"author":4,"featured_media":44513,"comment_status":"closed","ping_status":"closed","sticky":false,"template":"","format":"standard","meta":{"footnotes":""},"categories":[7],"tags":[6,8,98],"class_list":["post-44501","post","type-post","status-publish","format-standard","has-post-thumbnail","hentry","category-ayrton-senna","tag-ayrton-senna","tag-formula-1","tag-monaco-2"],"_links":{"self":[{"href":"https:\/\/www.senna.com\/en\/wp-json\/wp\/v2\/posts\/44501","targetHints":{"allow":["GET"]}}],"collection":[{"href":"https:\/\/www.senna.com\/en\/wp-json\/wp\/v2\/posts"}],"about":[{"href":"https:\/\/www.senna.com\/en\/wp-json\/wp\/v2\/types\/post"}],"author":[{"embeddable":true,"href":"https:\/\/www.senna.com\/en\/wp-json\/wp\/v2\/users\/4"}],"replies":[{"embeddable":true,"href":"https:\/\/www.senna.com\/en\/wp-json\/wp\/v2\/comments?post=44501"}],"version-history":[{"count":0,"href":"https:\/\/www.senna.com\/en\/wp-json\/wp\/v2\/posts\/44501\/revisions"}],"wp:featuredmedia":[{"embeddable":true,"href":"https:\/\/www.senna.com\/en\/wp-json\/wp\/v2\/media\/44513"}],"wp:attachment":[{"href":"https:\/\/www.senna.com\/en\/wp-json\/wp\/v2\/media?parent=44501"}],"wp:term":[{"taxonomy":"category","embeddable":true,"href":"https:\/\/www.senna.com\/en\/wp-json\/wp\/v2\/categories?post=44501"},{"taxonomy":"post_tag","embeddable":true,"href":"https:\/\/www.senna.com\/en\/wp-json\/wp\/v2\/tags?post=44501"}],"curies":[{"name":"wp","href":"https:\/\/api.w.org\/{rel}","templated":true}]}}