{"id":44622,"date":"2025-05-28T12:52:09","date_gmt":"2025-05-28T15:52:09","guid":{"rendered":"https:\/\/www.senna.com\/?p=44622"},"modified":"2026-02-20T20:30:46","modified_gmt":"2026-02-20T23:30:46","slug":"exposicao-imersiva-sobre-ayrton-senna-retorna-a-porto-alegre","status":"publish","type":"post","link":"https:\/\/www.senna.com\/en\/portugues-exposicao-imersiva-sobre-ayrton-senna-retorna-a-porto-alegre\/","title":{"rendered":"Immersive exhibition about Ayrton Senna returns to Porto Alegre"},"content":{"rendered":"<div class=\"wp-block-image\">\n<figure class=\"aligncenter size-full is-resized\"><img loading=\"lazy\" decoding=\"async\" width=\"378\" height=\"173\" src=\"https:\/\/www.senna.com\/wp-content\/uploads\/2025\/05\/Logo-expo.png\" alt=\"\" class=\"wp-image-44623\" style=\"width:310px;height:auto\" srcset=\"https:\/\/www.senna.com\/wp-content\/uploads\/2025\/05\/Logo-expo.png 378w, https:\/\/www.senna.com\/wp-content\/uploads\/2025\/05\/Logo-expo-300x137.png 300w, https:\/\/www.senna.com\/wp-content\/uploads\/2025\/05\/Logo-expo-18x8.png 18w\" sizes=\"auto, (max-width: 378px) 100vw, 378px\" \/><\/figure><\/div>\n\n\n<p class=\"has-medium-font-size\">A exposi\u00e7\u00e3o <strong>\u201cEu, Ayrton Senna da Silva &#8211; 30 Anos\u201d<\/strong>, chega a Porto Alegre (RS) com uma mostra imersiva e interativa que ocupar\u00e1 o primeiro andar do Bourbon Shopping Country.  De <strong>21 de maio a dia 27 de julho<\/strong>, o p\u00fablico poder\u00e1 visitar a mostra, que conta a trajet\u00f3ria pessoal e profissional do piloto, em uma grande homenagem aos 30 anos do legado do \u00eddolo.&nbsp;<\/p>\n\n\n\n<p class=\"has-medium-font-size\">Composta por 11 esta\u00e7\u00f5es, a exposi\u00e7\u00e3o retorna a Porto Alegre ap\u00f3s uma temporada em S\u00e3o Paulo no come\u00e7o deste ano, dessa vez com uma \u00e1rea in\u00e9dita: um t\u00fanel do tempo encerra a jornada do visitante e apresenta as principais iniciativas inspiradas na hist\u00f3rica carreira de Senna.<\/p>\n\n\n\n<p class=\"has-medium-font-size\">A Exposi\u00e7\u00e3o tamb\u00e9m leva pela primeira vez para Porto Alegre um busto da cole\u00e7\u00e3o &#8220;Nosso Senna&#8221;, criado pela artista pl\u00e1stica e sobrinha de Ayrton, Lalalli Senna. A obra \u00e9 uma vers\u00e3o colecion\u00e1vel do busto de 3,5m instalado no Aut\u00f3dromo de Interlagos (SP) e foi criado a partir de um pedido da av\u00f3 de Lalalli &#8211; m\u00e3e de Ayrton &#8211; para retratar de forma afetiva e familiar a express\u00e3o e o olhar do piloto.<\/p>\n\n\n\n<figure class=\"wp-block-image size-large\"><img loading=\"lazy\" decoding=\"async\" width=\"1024\" height=\"576\" src=\"https:\/\/www.senna.com\/wp-content\/uploads\/2021\/10\/398154_987583_exposiA_AGBPo_eu_ayrton_senna_da_silva___3-1-1024x576.jpeg\" alt=\"\" class=\"wp-image-24549\" srcset=\"https:\/\/www.senna.com\/wp-content\/uploads\/2021\/10\/398154_987583_exposiA_AGBPo_eu_ayrton_senna_da_silva___3-1-1024x576.jpeg 1024w, https:\/\/www.senna.com\/wp-content\/uploads\/2021\/10\/398154_987583_exposiA_AGBPo_eu_ayrton_senna_da_silva___3-1-300x169.jpeg 300w, https:\/\/www.senna.com\/wp-content\/uploads\/2021\/10\/398154_987583_exposiA_AGBPo_eu_ayrton_senna_da_silva___3-1-768x432.jpeg 768w, https:\/\/www.senna.com\/wp-content\/uploads\/2021\/10\/398154_987583_exposiA_AGBPo_eu_ayrton_senna_da_silva___3-1.jpeg 1280w\" sizes=\"auto, (max-width: 1024px) 100vw, 1024px\" \/><figcaption class=\"wp-element-caption\"><em>Divulga\u00e7\u00e3o Senna Brands \/ Ydreams<\/em><\/figcaption><\/figure>\n\n\n\n<h2 class=\"wp-block-heading\">Sobre a exposi\u00e7\u00e3o<\/h2>\n\n\n\n<p class=\"has-medium-font-size\">Na exposi\u00e7\u00e3o <strong>\u201cEu, Ayrton Senna da Silva &#8211; 30 Anos\u201d<\/strong>, quem conduz a narrativa \u00e9 o pr\u00f3prio piloto de F\u00f3rmula 1, convidando os visitantes a conhecerem e a relembrarem sua brilhante trajet\u00f3ria sob seu pr\u00f3prio olhar. Em um circuito imersivo e interativo, os visitantes percorrem&nbsp; mem\u00f3rias de inf\u00e2ncia, hobbies, vit\u00f3rias, anseios e sonhos&nbsp; que marcaram a vida de um dos maiores&nbsp; \u00eddolos do esporte brasileiro.<br><br>Essa experi\u00eancia \u00fanica \u00e9&nbsp; viabilizada por tecnologias inovadoras, como modelagem 3D realista combinada com gera\u00e7\u00e3o de voz por intelig\u00eancia artificial.&nbsp; Com recursos multissensoriais e cen\u00e1rios envolventes , a mostra proporciona uma emocionante viagem sinest\u00e9sica, ancorada&nbsp; nos valores que sempre nortearam o campe\u00e3o e que continuam a inspirar muitos brasileiros: motiva\u00e7\u00e3o, dedica\u00e7\u00e3o, determina\u00e7\u00e3o, garra e supera\u00e7\u00e3o.<\/p>\n\n\n\n<p class=\"has-medium-font-size\">Os visitantes poder\u00e3o conhecer algumas das mem\u00f3rias de inf\u00e2ncia do piloto, sua paix\u00e3o pela velocidade, seus hobbies e alguns de seus objetos pessoais, como o macac\u00e3o com o qual Senna foi campe\u00e3o do GP do Brasil, no Aut\u00f3dromo de Interlagos, em 1993, e o capacete usado em sua vit\u00f3ria no GP da Europa, no circuito de Donington Park, no Reino Unido, no mesmo ano.<br><br>A experi\u00eancia tamb\u00e9m transporta o p\u00fablico para o clima das mais eletrizantes corridas do piloto, com&nbsp; pneus reais da F\u00f3rmula 1 e recursos que evidenciam o talento mec\u00e2nico de Senna, relembrando momentos do per\u00edodo em que piloto morou na Inglaterra .&nbsp; Um dos momentos mais impactantes da mostra \u00e9 a sala imersiva com arquivos de \u00e1udio cuidadosamente selecionados, que convida o visitante a mergulhar nos pensamentos do piloto e refletir sobre sua vis\u00e3o de mundo.&nbsp;<\/p>\n\n\n\n<p class=\"has-medium-font-size\">Considerado um dos principais pilotos da hist\u00f3ria do automobilismo e um dos maiores her\u00f3is contempor\u00e2neos do nosso pa\u00eds, <strong>Ayrton Senna da Silva<\/strong> tem sua imagem vitoriosa reconhecida nos quatro cantos do mundo. <a href=\"https:\/\/www.senna.com\/jornada-senna\/carreira-nas-pistas\/\" target=\"_blank\" rel=\"noreferrer noopener\">O piloto conquistou <strong>41 vit\u00f3rias<\/strong> na F\u00f3rmula 1, <strong>65 pole positions<\/strong> e <strong>tr\u00eas campeonatos mundiais<\/strong><\/a>. Em sua trajet\u00f3ria nas pistas, Senna competiu em todas as categorias: <strong>Kart<\/strong>, <strong>F\u00f3rmula Ford (1600 e 2000)<\/strong>, <strong><\/br><\/strong> e <strong><\/br><\/strong>, passando por quatro grandes escuderias: <strong>Toleman<\/strong>, <strong>Lotus<\/strong>, <strong>McLaren<\/strong> e <strong>Williams<\/strong>.<\/p>\n\n\n\n<p>A exposi\u00e7\u00e3o conta com <strong>11 esta\u00e7\u00f5es tem\u00e1tica<\/strong>s inspiradas na vida do piloto e \u00e9 idealizada e desenvolvida pela YDreams Global empresa internacional especializada em tecnologia imersiva e interativa. A realiza\u00e7\u00e3o \u00e9 uma parceria com a <a href=\"https:\/\/senna.com\/a-marca-senna\" target=\"_blank\" rel=\"noreferrer noopener\">Senna Brands<\/a>, empresa que gerencia as marcas Senna e Senninha. A edi\u00e7\u00e3o de 2025 em Porto Alegre conta tamb\u00e9m com a realiza\u00e7\u00e3o da <a href=\"https:\/\/www.bourbonshopping.com.br\/novidades\/ayrtonsenna\" target=\"_blank\" rel=\"noreferrer noopener\">rede Bourbon Shopping<\/a>.<\/p>\n\n\n\n<h2 class=\"wp-block-heading\">Servi\u00e7o &#8211; Exposi\u00e7\u00e3o &#8220;Eu, Ayrton Senna da Silva, 30 anos&#8221;<\/h2>\n\n\n\n<p class=\"has-medium-font-size\">Local: Bourbon Shopping Country \u2013 Primeiro andar<br>Quando: de 21\/05 a 27\/07\/25<br>Hor\u00e1rio de funcionamento: De segunda a domingo, das 12h \u00e0s 21h<br>Classifica\u00e7\u00e3o et\u00e1ria: Livre (menores de 14 anos somente acompanhados dos pais e\/ou respons\u00e1veis legais)<br>Informa\u00e7\u00f5es de acessibilidade: Acessibilidade com v\u00eddeo e libras e livro em braile<\/p>\n\n\n\n<p class=\"has-medium-font-size\"><strong>Informa\u00e7\u00f5es sobre compra de ingressos:<\/strong><br>Gratuidade para Crian\u00e7as at\u00e9 04 anos e 12 meses<br>Segunda a Domingos: R$ 45,00 (inteira) | R$ 25,50 (meia)<br>Combo A: 02 adultos + 01 crian\u00e7a = R$ 100,00<br>Combo B: 02 adultos + 02 crian\u00e7as = R$ 120,00<\/p>\n\n\n\n<p class=\"has-medium-font-size\"><a href=\"https:\/\/bileto.sympla.com.br\/event\/105372\/d\/314143\" target=\"_blank\" rel=\"noreferrer noopener\">COMPRE OS INGRESSOS AQUI.<\/a><\/p>\n\n\n\n<figure class=\"wp-block-image size-large\"><img loading=\"lazy\" decoding=\"async\" width=\"1024\" height=\"683\" src=\"https:\/\/www.senna.com\/wp-content\/uploads\/2024\/04\/1310_Expo_Senna_30Anos_Credito_YDreams.jpg-scaled-2-1024x683.jpg\" alt=\"\" class=\"wp-image-32805\" srcset=\"https:\/\/www.senna.com\/wp-content\/uploads\/2024\/04\/1310_Expo_Senna_30Anos_Credito_YDreams.jpg-scaled-2-1024x683.jpg 1024w, https:\/\/www.senna.com\/wp-content\/uploads\/2024\/04\/1310_Expo_Senna_30Anos_Credito_YDreams.jpg-scaled-2-300x200.jpg 300w, https:\/\/www.senna.com\/wp-content\/uploads\/2024\/04\/1310_Expo_Senna_30Anos_Credito_YDreams.jpg-scaled-2-768x512.jpg 768w, https:\/\/www.senna.com\/wp-content\/uploads\/2024\/04\/1310_Expo_Senna_30Anos_Credito_YDreams.jpg-scaled-2-1536x1024.jpg 1536w, https:\/\/www.senna.com\/wp-content\/uploads\/2024\/04\/1310_Expo_Senna_30Anos_Credito_YDreams.jpg-scaled-2-2048x1366.jpg 2048w\" sizes=\"auto, (max-width: 1024px) 100vw, 1024px\" \/><figcaption class=\"wp-element-caption\"><em>Espa\u00e7os recontam momentos importantes da trajet\u00f3ria de Senna e sua forte liga\u00e7\u00e3o com o automobilismo desde a inf\u00e2ncia no kart.<\/em><\/figcaption><\/figure>","protected":false},"excerpt":{"rendered":"<p class=\"qtranxs-available-languages-message qtranxs-available-languages-message-en\">Sorry, this entry is only available in <a href=\"https:\/\/www.senna.com\/pt\/wp-json\/wp\/v2\/posts\/44622\" class=\"qtranxs-available-language-link qtranxs-available-language-link-pt\" title=\"Portugu\u00eas\">Portugu\u00eas<\/a>.<\/p>","protected":false},"author":4,"featured_media":24551,"comment_status":"closed","ping_status":"closed","sticky":false,"template":"","format":"standard","meta":{"footnotes":""},"categories":[38],"tags":[6,77,323],"class_list":["post-44622","post","type-post","status-publish","format-standard","has-post-thumbnail","hentry","category-experiencias-para-fas","tag-ayrton-senna","tag-exposicao","tag-porto-alegre"],"_links":{"self":[{"href":"https:\/\/www.senna.com\/en\/wp-json\/wp\/v2\/posts\/44622","targetHints":{"allow":["GET"]}}],"collection":[{"href":"https:\/\/www.senna.com\/en\/wp-json\/wp\/v2\/posts"}],"about":[{"href":"https:\/\/www.senna.com\/en\/wp-json\/wp\/v2\/types\/post"}],"author":[{"embeddable":true,"href":"https:\/\/www.senna.com\/en\/wp-json\/wp\/v2\/users\/4"}],"replies":[{"embeddable":true,"href":"https:\/\/www.senna.com\/en\/wp-json\/wp\/v2\/comments?post=44622"}],"version-history":[{"count":0,"href":"https:\/\/www.senna.com\/en\/wp-json\/wp\/v2\/posts\/44622\/revisions"}],"wp:featuredmedia":[{"embeddable":true,"href":"https:\/\/www.senna.com\/en\/wp-json\/wp\/v2\/media\/24551"}],"wp:attachment":[{"href":"https:\/\/www.senna.com\/en\/wp-json\/wp\/v2\/media?parent=44622"}],"wp:term":[{"taxonomy":"category","embeddable":true,"href":"https:\/\/www.senna.com\/en\/wp-json\/wp\/v2\/categories?post=44622"},{"taxonomy":"post_tag","embeddable":true,"href":"https:\/\/www.senna.com\/en\/wp-json\/wp\/v2\/tags?post=44622"}],"curies":[{"name":"wp","href":"https:\/\/api.w.org\/{rel}","templated":true}]}}