{"id":44694,"date":"2025-06-27T10:58:02","date_gmt":"2025-06-27T13:58:02","guid":{"rendered":"https:\/\/www.senna.com\/?p=44694"},"modified":"2026-02-20T20:30:24","modified_gmt":"2026-02-20T23:30:24","slug":"ayrton-senna-referencia-em-filme-da-f1-com-brad-pitt","status":"publish","type":"post","link":"https:\/\/www.senna.com\/en\/portugues-ayrton-senna-e-referencia-central-em-filme-da-f1-com-brad-pitt\/","title":{"rendered":"Ayrton Senna is central reference in new F1 Movie starring Brad Pitt"},"content":{"rendered":"<p class=\"has-medium-font-size\">Following the <a href=\"https:\/\/www.senna.com\/en\/serie-senna\/\" target=\"_blank\" rel=\"noreferrer noopener\">success of the Netflix series &#8220;Senna&#8221;<\/a>, another major audiovisual production once again highlights the legendary Brazilian three-time World Champion. <a href=\"https:\/\/www.formula1.com\/en\/page\/apple-original-films-f1-movie\" target=\"_blank\" rel=\"noreferrer noopener\">&#8220;F1 \u2013 The Movie&#8221;<\/a> has arrived in theaters, prominently featuring Ayrton Senna through direct and indirect references.<\/p>\n\n\n\n<p class=\"has-medium-font-size\">The film tells the story of Sonny Hayes (<strong>Brad Pitt<\/strong>), portrayed as a young and talented driver racing in the 1990s, competing directly against Senna. These references to the Brazilian driver were crucial elements of the film, according to director <strong>Joseph Kosinski<\/strong>, known for films like &#8220;Top Gun \u2013 Maverick.&#8221;<\/p>\n\n\n\n<p class=\"has-medium-font-size\">In an interview with the official Ayrton Senna website in Montreal, Kosinski emphasized how influential Senna\u2019s legacy was to the film, benefiting significantly from the continuous consultation of Lewis Hamilton, a devoted Senna fan.<\/p>\n\n\n\n<p class=\"has-medium-font-size\"><em>&#8220;We absolutely wanted to showcase this iconic period in Formula 1, the 1990s, often regarded as its golden era, characterized by the nostalgic sound of the V12 engines and, naturally, Ayrton Senna, the ultimate icon of the sport. This was something consistently reinforced by every driver we consulted, especially Lewis (Hamilton). It was a great opportunity to include him and satisfy those who appreciate the sport\u2019s rich history,&#8221;<\/em> said Kosinski during an interview before the Canadian GP, where the film premiered to journalists and F1 paddock members.<\/p>\n\n\n\n<p class=\"has-small-font-size\"><em>Caution: Spoilers about film moments ahead.<\/em><\/p>\n\n\n\n<h2 class=\"wp-block-heading\">The real accident inspiring fiction<\/h2>\n\n\n\n<p class=\"has-medium-font-size\">Senna\u2019s iconic McLaren and yellow helmet appear immediately in the film, with Sonny recalling a fierce battle with Senna at the 1993 Spanish GP. The fictional American driver attempts to overtake Senna but crashes spectacularly.<\/p>\n\n\n\n<p class=\"has-medium-font-size\">Eagle-eyed fans will recognize the footage used to illustrate the crash is actually from a dramatic real-life incident involving English driver Martin Donnelly during <a href=\"https:\/\/www.senna.com\/gp\/temporada-1990\/grande-premio-da-espanha-1990\/\" target=\"_blank\" rel=\"noreferrer noopener\">qualifying for the 1990 Spanish GP at Jerez.<\/a> Donnelly&#8217;s crash split his Lotus in half, ejecting him onto the track. Senna famously rushed to Donnelly\u2019s aid at the medical center. This event profoundly affected Senna, although he remained determined to continue racing.<\/p>\n\n\n\n<figure class=\"wp-block-embed is-type-video is-provider-youtube wp-block-embed-youtube wp-embed-aspect-16-9 wp-has-aspect-ratio\"><div class=\"wp-block-embed__wrapper\">\n<iframe loading=\"lazy\" title=\"O PIOR ACIDENTE DA FORMULA 1! Martin Donnelly no GP da Espanha 1990 no circuito de Jerez f1\" width=\"800\" height=\"450\" src=\"https:\/\/www.youtube.com\/embed\/4Qp94aVynLA?feature=oembed\" frameborder=\"0\" allow=\"accelerometer; autoplay; clipboard-write; encrypted-media; gyroscope; picture-in-picture; web-share\" referrerpolicy=\"strict-origin-when-cross-origin\" allowfullscreen><\/iframe>\n<\/div><\/figure>\n\n\n\n<p class=\"has-medium-font-size\">The film portrays a similar scenario with Sonny being rescued. This subtly references Senna\u2019s heroic action in real life when <a href=\"https:\/\/www.senna.com\/en\/29-years-ago-ayrton-senna-helped-save-erik-comas-life-in-belgium\/\" target=\"_blank\" rel=\"noreferrer noopener\">he saved French driver Erik Comas after a severe crash<\/a> during practice at Spa-Francorchamps in 1992.<\/p>\n\n\n\n<figure class=\"wp-block-image size-large\"><img loading=\"lazy\" decoding=\"async\" width=\"1024\" height=\"683\" src=\"https:\/\/www.senna.com\/wp-content\/uploads\/2025\/06\/Erik-Comas-senna-1024x683.jpg\" alt=\"\" class=\"wp-image-44701\" srcset=\"https:\/\/www.senna.com\/wp-content\/uploads\/2025\/06\/Erik-Comas-senna-1024x683.jpg 1024w, https:\/\/www.senna.com\/wp-content\/uploads\/2025\/06\/Erik-Comas-senna-300x200.jpg 300w, https:\/\/www.senna.com\/wp-content\/uploads\/2025\/06\/Erik-Comas-senna-768x512.jpg 768w, https:\/\/www.senna.com\/wp-content\/uploads\/2025\/06\/Erik-Comas-senna-18x12.jpg 18w, https:\/\/www.senna.com\/wp-content\/uploads\/2025\/06\/Erik-Comas-senna.jpg 1349w\" sizes=\"auto, (max-width: 1024px) 100vw, 1024px\" \/><figcaption class=\"wp-element-caption\"><em>Senna presta socorro a Erik Comas (Foto: Reprodu\u00e7\u00e3o)<\/em><\/figcaption><\/figure>\n\n\n\n<h2 class=\"wp-block-heading\">Senna\u2019s McLaren: on-screen and historical reference<\/h2>\n\n\n\n<p class=\"has-medium-font-size\">Despite chronological liberties \u2014 placing the fictional crash in 1993 rather than the actual 1990 \u2014 another creative decision involves Senna driving his 1990 McLaren with the iconic number 27. This car also appears prominently in the office of Ruben Cervantes (Javier Bardem), Hayes\u2019s former teammate and current APX GP partner, reinforcing their narrative as rising stars with Lotus during the early 1990s.<\/p>\n\n\n\n<p class=\"has-medium-font-size\">Notably, this car model matches the McLaren displayed at Senna Brands and Instituto Ayrton Senna in S\u00e3o Paulo, gifted to Senna by McLaren boss Ron Dennis after <a href=\"https:\/\/www.senna.com\/en\/video-como-senna-ganhou-um-mclaren-de-f1-em-1990\/\" target=\"_blank\" rel=\"noreferrer noopener\">Senna\u2019s 1990 Monza victory<\/a>.<\/p>\n\n\n\n<figure class=\"wp-block-image size-large\"><img loading=\"lazy\" decoding=\"async\" width=\"1024\" height=\"794\" src=\"https:\/\/www.senna.com\/wp-content\/uploads\/2025\/06\/McLaren_senna-1-1024x794.jpg\" alt=\"McLaren de Senna na sede da Senna Brands e IAS.\" class=\"wp-image-44702\" srcset=\"https:\/\/www.senna.com\/wp-content\/uploads\/2025\/06\/McLaren_senna-1-1024x794.jpg 1024w, https:\/\/www.senna.com\/wp-content\/uploads\/2025\/06\/McLaren_senna-1-300x233.jpg 300w, https:\/\/www.senna.com\/wp-content\/uploads\/2025\/06\/McLaren_senna-1-768x596.jpg 768w, https:\/\/www.senna.com\/wp-content\/uploads\/2025\/06\/McLaren_senna-1-1536x1191.jpg 1536w, https:\/\/www.senna.com\/wp-content\/uploads\/2025\/06\/McLaren_senna-1-2048x1588.jpg 2048w, https:\/\/www.senna.com\/wp-content\/uploads\/2025\/06\/McLaren_senna-1-15x12.jpg 15w\" sizes=\"auto, (max-width: 1024px) 100vw, 1024px\" \/><figcaption class=\"wp-element-caption\"><em>Paralelos entre fic\u00e7\u00e3o e realidade: a McLaren vista no escrit\u00f3rio do s\u00f3cio da equipe APX GP \u00e9 bem semelhante \u00e0 vers\u00e3o real, exposta na sede da Senna Brands e Instituto Ayrton Senna.<\/em><\/figcaption><\/figure>\n\n\n\n<h2 class=\"wp-block-heading\">Ayrton: a constant presence<\/h2>\n\n\n\n<p class=\"has-medium-font-size\">Senna\u2019s influence permeates the film beyond explicit mentions. Brad Pitt\u2019s character is fearless, technically skilled, and driven to surpass limits, echoing Senna\u2019s renowned qualities.<\/p>\n\n\n\n<p class=\"has-medium-font-size\">Mechanics of the fictional APX GP nostalgically discuss the 1990s as a unique era, with scenes emphasizing the importance of teamwork and physical preparation akin to Senna\u2019s routines. Sonny\u2019s profound mechanical understanding parallels Senna\u2019s own approach.<\/p>\n\n\n\n<p class=\"has-medium-font-size\">The film culminates in a moment of deep focus and connection between Sonny and his car, reminiscent of Senna\u2019s famed 1988 Monaco GP moment, described as transcendent.<\/p>\n\n\n\n<figure class=\"wp-block-embed is-type-video is-provider-youtube wp-block-embed-youtube wp-embed-aspect-16-9 wp-has-aspect-ratio\"><div class=\"wp-block-embed__wrapper\">\n<iframe loading=\"lazy\" title=\"SENNA: Closer To God\" width=\"800\" height=\"450\" src=\"https:\/\/www.youtube.com\/embed\/a4AjCOTNQI8?feature=oembed\" frameborder=\"0\" allow=\"accelerometer; autoplay; clipboard-write; encrypted-media; gyroscope; picture-in-picture; web-share\" referrerpolicy=\"strict-origin-when-cross-origin\" allowfullscreen><\/iframe>\n<\/div><\/figure>\n\n\n\n<h2 class=\"wp-block-heading\">Connections to real-life F1<\/h2>\n\n\n\n<p class=\"has-medium-font-size\">Although fictional, &#8220;F1 \u2013 The Movie&#8221; deeply immerses audiences in Formula 1\u2019s reality, featuring cameos from current drivers like Max Verstappen and Hamilton and team principals Zak Brown (McLaren), Toto Wolff (Mercedes), and Fred Vasseur (Ferrari). Filmed during actual GP weekends at legendary circuits such as Spa and Silverstone, the racing scenes offer unparalleled authenticity.<\/p>\n\n\n\n<p class=\"has-medium-font-size\"><em>&#8220;The movie will undoubtedly have significant impact, attracting new audiences to Formula 1,&#8221;<\/em> said F1 CEO Stefano Domenicali at the film\u2019s premiere in Montreal, emphasizing growth potential in the U.S.<\/p>\n\n\n\n<p class=\"has-medium-font-size\">Producer Jerry Bruckheimer highlighted audience reactions before and after screenings, noting a shift in interest toward attending real GPs following the movie experience.<\/p>\n\n\n\n<p class=\"has-medium-font-size\">It remains to be seen how this Hollywood blockbuster will boost Formula 1&#8217;s popularity, but by framing Ayrton Senna as a foundational inspiration for Brad Pitt\u2019s protagonist, &#8220;F1 \u2013 The Movie&#8221; respectfully honors motorsport history while appealing to new fans.<\/p>\n\n\n\n<p class=\"has-small-font-size\"><em>Article by <strong>Rodrigo Fran\u00e7a<\/strong> for Senna.com, Montreal, Canada.<\/em><\/p>\n\n\n\n<figure class=\"wp-block-image size-large\"><img loading=\"lazy\" decoding=\"async\" width=\"1024\" height=\"870\" src=\"https:\/\/www.senna.com\/wp-content\/uploads\/2025\/06\/Bastidores-filme-F1-1024x870.jpg\" alt=\"Brad Pitt grava cenas do filme no grid &quot;real&quot; da F\u00f3rmula 1\" class=\"wp-image-44700\" srcset=\"https:\/\/www.senna.com\/wp-content\/uploads\/2025\/06\/Bastidores-filme-F1-1024x870.jpg 1024w, https:\/\/www.senna.com\/wp-content\/uploads\/2025\/06\/Bastidores-filme-F1-300x255.jpg 300w, https:\/\/www.senna.com\/wp-content\/uploads\/2025\/06\/Bastidores-filme-F1-768x652.jpg 768w, https:\/\/www.senna.com\/wp-content\/uploads\/2025\/06\/Bastidores-filme-F1-1536x1305.jpg 1536w, https:\/\/www.senna.com\/wp-content\/uploads\/2025\/06\/Bastidores-filme-F1-2048x1739.jpg 2048w, https:\/\/www.senna.com\/wp-content\/uploads\/2025\/06\/Bastidores-filme-F1-14x12.jpg 14w\" sizes=\"auto, (max-width: 1024px) 100vw, 1024px\" \/><figcaption class=\"wp-element-caption\"><em> No grid do GP de Abu Dhabi de 2024, entre as equipes reais, Brad Pitt grava cenas do filme. (Cr\u00e9dito: Rodrigo Fran\u00e7a)<\/em><\/figcaption><\/figure>","protected":false},"excerpt":{"rendered":"<p>Brad Pitt stars in &#8220;F1 \u2013 The Movie,&#8221; highlighting Ayrton Senna&#8217;s iconic legacy with direct references and authentic Formula 1 racing drama.<\/p>","protected":false},"author":4,"featured_media":44695,"comment_status":"closed","ping_status":"closed","sticky":false,"template":"","format":"standard","meta":{"footnotes":""},"categories":[7],"tags":[6,327,328,8],"class_list":["post-44694","post","type-post","status-publish","format-standard","has-post-thumbnail","hentry","category-ayrton-senna","tag-ayrton-senna","tag-brad-pitt","tag-f1-o-filme","tag-formula-1"],"_links":{"self":[{"href":"https:\/\/www.senna.com\/en\/wp-json\/wp\/v2\/posts\/44694","targetHints":{"allow":["GET"]}}],"collection":[{"href":"https:\/\/www.senna.com\/en\/wp-json\/wp\/v2\/posts"}],"about":[{"href":"https:\/\/www.senna.com\/en\/wp-json\/wp\/v2\/types\/post"}],"author":[{"embeddable":true,"href":"https:\/\/www.senna.com\/en\/wp-json\/wp\/v2\/users\/4"}],"replies":[{"embeddable":true,"href":"https:\/\/www.senna.com\/en\/wp-json\/wp\/v2\/comments?post=44694"}],"version-history":[{"count":0,"href":"https:\/\/www.senna.com\/en\/wp-json\/wp\/v2\/posts\/44694\/revisions"}],"wp:featuredmedia":[{"embeddable":true,"href":"https:\/\/www.senna.com\/en\/wp-json\/wp\/v2\/media\/44695"}],"wp:attachment":[{"href":"https:\/\/www.senna.com\/en\/wp-json\/wp\/v2\/media?parent=44694"}],"wp:term":[{"taxonomy":"category","embeddable":true,"href":"https:\/\/www.senna.com\/en\/wp-json\/wp\/v2\/categories?post=44694"},{"taxonomy":"post_tag","embeddable":true,"href":"https:\/\/www.senna.com\/en\/wp-json\/wp\/v2\/tags?post=44694"}],"curies":[{"name":"wp","href":"https:\/\/api.w.org\/{rel}","templated":true}]}}