{"id":45018,"date":"2025-11-12T14:54:24","date_gmt":"2025-11-12T17:54:24","guid":{"rendered":"https:\/\/www.senna.com\/?p=45018"},"modified":"2026-03-02T22:34:04","modified_gmt":"2026-03-03T01:34:04","slug":"principe-albert-ii-de-monaco-visita-sede-de-senna-brands-e-instituto-ayrton-senna-em-sao-paulo","status":"publish","type":"post","link":"https:\/\/www.senna.com\/en\/prince-albert-ii-of-monaco-visits-senna-brands-and-the-ayrton-senna-institute-headquarters-in-sao-paulo\/","title":{"rendered":"Prince Albert II of Monaco visits Senna Brands and the Ayrton Senna Institute headquarters in S\u00e3o Paulo"},"content":{"rendered":"<p class=\"has-medium-font-size\">In a gesture that reaffirms the connection between the Principality of Monaco and the legacy of Ayrton Senna, Prince Albert II visited, last Friday (7), the headquarters of Senna Brands\u2014 the company that manages the Senna and Senninha brands\u2014 and the Ayrton Senna Institute (IAS) in S\u00e3o Paulo, during the same weekend as the S\u00e3o Paulo Formula 1 Grand Prix.<\/p>\n\n\n\n<p class=\"has-medium-font-size\">An admirer of the three-time world champion, the monarch was received by the driver\u2019s nephews Bianca Senna, CEO of Senna Brands, Lalalli Senna, and Bruno Senna, as well as the IAS Vice President, Ewerton Fulini. The meeting celebrated the memory of the \u201cKing of Monaco,\u201d the title by which Ayrton Senna is recognized thanks to his historic dominance at the Monte Carlo circuit, where he secured six victories\u2014five of them consecutive\u2014delivering performances that became benchmarks in world motorsport. The occasion also reinforced the long-standing ties between the Monaco royal family and the Senna family.<\/p>\n\n\n\n<figure class=\"wp-block-image size-large\"><img loading=\"lazy\" decoding=\"async\" width=\"1024\" height=\"683\" src=\"https:\/\/www.senna.com\/wp-content\/uploads\/2025\/12\/MA-Sao-Paolo-Musee-Ayrton-Senna-2025-16-1-1024x683.jpg\" alt=\"\" class=\"wp-image-45020\" srcset=\"https:\/\/www.senna.com\/wp-content\/uploads\/2025\/12\/MA-Sao-Paolo-Musee-Ayrton-Senna-2025-16-1-1024x683.jpg 1024w, https:\/\/www.senna.com\/wp-content\/uploads\/2025\/12\/MA-Sao-Paolo-Musee-Ayrton-Senna-2025-16-1-300x200.jpg 300w, https:\/\/www.senna.com\/wp-content\/uploads\/2025\/12\/MA-Sao-Paolo-Musee-Ayrton-Senna-2025-16-1-768x512.jpg 768w, https:\/\/www.senna.com\/wp-content\/uploads\/2025\/12\/MA-Sao-Paolo-Musee-Ayrton-Senna-2025-16-1-1536x1024.jpg 1536w, https:\/\/www.senna.com\/wp-content\/uploads\/2025\/12\/MA-Sao-Paolo-Musee-Ayrton-Senna-2025-16-1-2048x1365.jpg 2048w, https:\/\/www.senna.com\/wp-content\/uploads\/2025\/12\/MA-Sao-Paolo-Musee-Ayrton-Senna-2025-16-1-18x12.jpg 18w\" sizes=\"auto, (max-width: 1024px) 100vw, 1024px\" \/><\/figure>\n\n\n\n<p class=\"has-medium-font-size\">During the visit, Prince Albert II viewed rare pieces from the family\u2019s private collection and learned about the projects developed by the Ayrton Senna Institute to accelerate the quality of public education in Brazil \u2014 initiatives that have already supported more than 39 million children and young people across over 3,000 Brazilian municipalities. Visiting Brazil for commitments related to COP 30, the Prince requested the tour to learn more about Senna Brands\u2019 facilities. He also signed an iconic helmet of the driver, highlighting his respect and admiration for the three-time world champion. In addition, the Prince attended a presentation by Lalalli Senna about Senna Tower, the brand\u2019s first real estate project, inspired by the Hero\u2019s Journey and developed by the driver\u2019s niece.<\/p>\n\n\n\n<p class=\"has-medium-font-size\"><em>\u201cI am honored to welcome Prince Albert II to our headquarters. It was a historic day for all of us. My uncle had a special relationship with Monaco, and seeing this affection remain alive through the years moves us deeply. This moment represents the respect for the legacy we continue to build \u2014 both through the brand\u2019s initiatives and the Institute\u2019s work in education,\u201d <\/em>says <strong>Bianca Senna, the driver\u2019s niece and CEO of Senna Brands<\/strong>.<\/p>\n\n\n\n<p class=\"has-medium-font-size\">The relationship between the Senna family and Prince Albert II of Monaco is marked by significant moments. In 2017, the Prince attended the unveiling of an Ayrton Senna monument at the \u201cFairmont Corner,\u201d alongside Bianca Senna, reinforcing his admiration for the driver\u2019s legacy and strengthening ties with the family.<\/p>\n\n\n\n<p class=\"has-medium-font-size\">In 2024, during the Monaco Grand Prix, the Prince hosted Bruno, Bianca, and Lalalli Senna and was taken for a lap around the circuit by Bruno in the McLaren Senna. At the event, Lalalli also presented him with a sculpture from the \u201cNosso Senna Collection \u2013 Champion Edition,\u201d celebrating the connection between Ayrton Senna, the family, and the Principality.<\/p>\n\n\n\n<p class=\"has-medium-font-size\">Prince Albert II\u2019s visit reiterates Ayrton Senna\u2019s enduring impact on global motorsport and the strength of a legacy that transcends generations, inspiring fans and drivers for more than three decades.<\/p>\n\n\n\n<figure class=\"wp-block-image size-large\"><img loading=\"lazy\" decoding=\"async\" width=\"768\" height=\"1024\" src=\"https:\/\/www.senna.com\/wp-content\/uploads\/2025\/12\/MA-Sao-Paolo-Musee-Ayrton-Senna-2025-1-1-768x1024.jpg\" alt=\"\" class=\"wp-image-45021\" srcset=\"https:\/\/www.senna.com\/wp-content\/uploads\/2025\/12\/MA-Sao-Paolo-Musee-Ayrton-Senna-2025-1-1-768x1024.jpg 768w, https:\/\/www.senna.com\/wp-content\/uploads\/2025\/12\/MA-Sao-Paolo-Musee-Ayrton-Senna-2025-1-1-225x300.jpg 225w, https:\/\/www.senna.com\/wp-content\/uploads\/2025\/12\/MA-Sao-Paolo-Musee-Ayrton-Senna-2025-1-1-1152x1536.jpg 1152w, https:\/\/www.senna.com\/wp-content\/uploads\/2025\/12\/MA-Sao-Paolo-Musee-Ayrton-Senna-2025-1-1-1536x2048.jpg 1536w, https:\/\/www.senna.com\/wp-content\/uploads\/2025\/12\/MA-Sao-Paolo-Musee-Ayrton-Senna-2025-1-1-9x12.jpg 9w, https:\/\/www.senna.com\/wp-content\/uploads\/2025\/12\/MA-Sao-Paolo-Musee-Ayrton-Senna-2025-1-1-scaled.jpg 1920w\" sizes=\"auto, (max-width: 768px) 100vw, 768px\" \/><figcaption class=\"wp-element-caption\">R\u00e9plica de capacete de Ayrton Senna assinado pelo Pr\u00edncipe Albert II de M\u00f4naco.<\/figcaption><\/figure>\n\n\n\n<p><\/p>","protected":false},"excerpt":{"rendered":"<p>The monarch was welcomed by the driver\u2019s nephews and the Vice President of the Ayrton Senna Institute, accessed exclusive items from the family\u2019s collection, and signed a replica of the three-time world champion\u2019s helmet.<\/p>","protected":false},"author":4,"featured_media":45019,"comment_status":"closed","ping_status":"closed","sticky":false,"template":"","format":"standard","meta":{"footnotes":""},"categories":[7],"tags":[343,6,98],"class_list":["post-45018","post","type-post","status-publish","format-standard","has-post-thumbnail","hentry","category-ayrton-senna","tag-albert-ii","tag-ayrton-senna","tag-monaco-2"],"_links":{"self":[{"href":"https:\/\/www.senna.com\/en\/wp-json\/wp\/v2\/posts\/45018","targetHints":{"allow":["GET"]}}],"collection":[{"href":"https:\/\/www.senna.com\/en\/wp-json\/wp\/v2\/posts"}],"about":[{"href":"https:\/\/www.senna.com\/en\/wp-json\/wp\/v2\/types\/post"}],"author":[{"embeddable":true,"href":"https:\/\/www.senna.com\/en\/wp-json\/wp\/v2\/users\/4"}],"replies":[{"embeddable":true,"href":"https:\/\/www.senna.com\/en\/wp-json\/wp\/v2\/comments?post=45018"}],"version-history":[{"count":0,"href":"https:\/\/www.senna.com\/en\/wp-json\/wp\/v2\/posts\/45018\/revisions"}],"wp:featuredmedia":[{"embeddable":true,"href":"https:\/\/www.senna.com\/en\/wp-json\/wp\/v2\/media\/45019"}],"wp:attachment":[{"href":"https:\/\/www.senna.com\/en\/wp-json\/wp\/v2\/media?parent=45018"}],"wp:term":[{"taxonomy":"category","embeddable":true,"href":"https:\/\/www.senna.com\/en\/wp-json\/wp\/v2\/categories?post=45018"},{"taxonomy":"post_tag","embeddable":true,"href":"https:\/\/www.senna.com\/en\/wp-json\/wp\/v2\/tags?post=45018"}],"curies":[{"name":"wp","href":"https:\/\/api.w.org\/{rel}","templated":true}]}}